{"id":9954,"date":"2025-05-28T11:00:45","date_gmt":"2025-05-28T14:00:45","guid":{"rendered":"https:\/\/www.paulus.com.br\/assistencia-social\/?post_type=noticias&#038;p=9954"},"modified":"2025-05-28T11:00:45","modified_gmt":"2025-05-28T14:00:45","slug":"paulus-social-realiza-formacoes-para-fortalecer-o-servico-de-convivencia-e-fortalecimento-de-vinculos-em-sao-paulo","status":"publish","type":"noticias","link":"https:\/\/www.paulus.com.br\/assistencia-social\/noticias\/paulus-social-realiza-formacoes-para-fortalecer-o-servico-de-convivencia-e-fortalecimento-de-vinculos-em-sao-paulo\/","title":{"rendered":"PAULUS Social realiza forma\u00e7\u00f5es para fortalecer o Servi\u00e7o de Conviv\u00eancia e Fortalecimento de V\u00ednculos em S\u00e3o Paulo"},"content":{"rendered":"\n<p>Com o objetivo de qualificar o trabalho de educadores sociais da rede socioassistencial da capital, o assessoramento da PAULUS Social, em parceria com o Espa\u00e7o P\u00fablico do Aprender Social (ESPASO\/SMADS), realizou ao longo dos meses de abril e maio quatro turmas da forma\u00e7\u00e3o: \u201cServi\u00e7o de Conviv\u00eancia e Fortalecimento de V\u00ednculos: organiza\u00e7\u00e3o e pr\u00e1tica cotidiana\u201d.<\/p>\n\n\n\n<p>A a\u00e7\u00e3o integra o acordo de coopera\u00e7\u00e3o t\u00e9cnica entre a PAULUS Social e o ESPASO, que visa contribuir para a forma\u00e7\u00e3o continuada dos trabalhadores do SUAS (Sistema \u00danico de Assist\u00eancia Social) no munic\u00edpio de S\u00e3o Paulo, al\u00e9m de impress\u00e3o e dissemina\u00e7\u00e3o de conte\u00fados relacionados ao SUAS.&nbsp;<\/p>\n\n\n\n<p>Com carga hor\u00e1ria de 16 horas por turma, a forma\u00e7\u00e3o abordou temas como os princ\u00edpios e diretrizes do SUAS, as caracter\u00edsticas do SCFV, metodologias de trabalho socioeducativo e a constru\u00e7\u00e3o de percursos de conviv\u00eancia. Como estrat\u00e9gia foi utilizado o kit de livros do Programa Direito e Cidadania (PDEC) de 2025, com destaque ao livro: \u201cA ca\u00e7a ao Saci\u201d, ferramenta mediadora para promover reflex\u00f5es e compor as atividades dos percursos destinados \u00e0s crian\u00e7as, adolescentes, idosos e fam\u00edlias nos territ\u00f3rios.<\/p>\n\n\n\n<p>A facilitadora dos encontros foi a assistente social Tatiana de F\u00e1tima Domingues, doutora em Servi\u00e7o Social, docente habilitada no CapacitaSUAS e especialista em gest\u00e3o da pol\u00edtica de assist\u00eancia social.&nbsp;<\/p>\n\n\n\n<p>Com essa a\u00e7\u00e3o, a PAULUS Social reafirma seu papel como parceira estrat\u00e9gica na constru\u00e7\u00e3o de uma assist\u00eancia social mais qualificada, apostando na forma\u00e7\u00e3o continuada como caminho para fortalecer os servi\u00e7os e reconhecer a import\u00e2ncia dos profissionais que atuam junto \u00e0 popula\u00e7\u00e3o atendida.<\/p>\n\n\n\n<p>O Programa Direito e Cidadania qualifica orientadores e educadores sociais de Servi\u00e7os de Conviv\u00eancia e Fortalecimento de V\u00ednculos do SUAS em todo o Brasil, por meio de processos formativos baseados em diagn\u00f3sticos territoriais realizados em parceria com CMAS, secretarias de assist\u00eancia social e organiza\u00e7\u00f5es sociais, tendo como elemento facilitador o kit de livros da PAULUS, exclusivamente elaborado para essa&nbsp;finalidade.<\/p>\n","protected":false},"featured_media":9955,"template":"","tags":[],"class_list":["post-9954","noticias","type-noticias","status-publish","has-post-thumbnail","hentry"],"acf":[],"_links":{"self":[{"href":"https:\/\/www.paulus.com.br\/assistencia-social\/wp-json\/wp\/v2\/noticias\/9954","targetHints":{"allow":["GET"]}}],"collection":[{"href":"https:\/\/www.paulus.com.br\/assistencia-social\/wp-json\/wp\/v2\/noticias"}],"about":[{"href":"https:\/\/www.paulus.com.br\/assistencia-social\/wp-json\/wp\/v2\/types\/noticias"}],"wp:featuredmedia":[{"embeddable":true,"href":"https:\/\/www.paulus.com.br\/assistencia-social\/wp-json\/wp\/v2\/media\/9955"}],"wp:attachment":[{"href":"https:\/\/www.paulus.com.br\/assistencia-social\/wp-json\/wp\/v2\/media?parent=9954"}],"wp:term":[{"taxonomy":"post_tag","embeddable":true,"href":"https:\/\/www.paulus.com.br\/assistencia-social\/wp-json\/wp\/v2\/tags?post=9954"}],"curies":[{"name":"wp","href":"https:\/\/api.w.org\/{rel}","templated":true}]}}