{"id":9872,"date":"2025-05-20T09:25:32","date_gmt":"2025-05-20T12:25:32","guid":{"rendered":"https:\/\/www.paulus.com.br\/assistencia-social\/?post_type=noticias&#038;p=9872"},"modified":"2025-05-20T09:26:55","modified_gmt":"2025-05-20T12:26:55","slug":"formacao-para-scfv-valoriza-a-literatura-como-ferramenta-de-convivencia-no-suas","status":"publish","type":"noticias","link":"https:\/\/www.paulus.com.br\/assistencia-social\/noticias\/formacao-para-scfv-valoriza-a-literatura-como-ferramenta-de-convivencia-no-suas\/","title":{"rendered":"Forma\u00e7\u00e3o para SCFV valoriza a literatura como ferramenta de conviv\u00eancia no SUAS"},"content":{"rendered":"\n<p>Nos dias 07 e 08 de maio de 2025, Fortaleza foi palco de uma forma\u00e7\u00e3o potente e inspiradora promovida pelo assessoramento da PAULUS Social por meio do Programa Direito e Cidadania (PDEC), em parceria com o Conselho Municipal de Assist\u00eancia Social (CMAS). Com o tema \u201cServi\u00e7o de Conviv\u00eancia e Fortalecimento de V\u00ednculos: organiza\u00e7\u00e3o e pr\u00e1tica cotidiana\u201d, a forma\u00e7\u00e3o reuniu educadores sociais que atuam no SCFV para refletir sobre os fundamentos, pr\u00e1ticas e potencialidades desse servi\u00e7o no \u00e2mbito da Pol\u00edtica de Assist\u00eancia Social.<\/p>\n\n\n\n<p>Ao longo dos dois dias, os participantes foram convidados a revisitar conceitos, experimentar metodologias e construir coletivamente propostas para o cotidiano dos servi\u00e7os. Com uma abordagem \u00e9tica, cr\u00edtica e afetiva, a forma\u00e7\u00e3o reafirmou o poder das hist\u00f3rias como caminhos de pertencimento, desenvolvimento comunit\u00e1rio e transforma\u00e7\u00e3o social.<\/p>\n\n\n\n<p>Facilitada por Samara Xavier, a atividade apostou na literatura como fio condutor dos percursos progressivos, utilizando a cole\u00e7\u00e3o de livros do Programa Direito e Cidadania de 2025 como base para viv\u00eancias, escutas e debates. A proposta dialogou com a perspectiva do SUAS de garantir prote\u00e7\u00e3o social por meio de estrat\u00e9gias que favore\u00e7am o fortalecimento de v\u00ednculos familiares e comunit\u00e1rios.<\/p>\n\n\n\n<p>Essa forma\u00e7\u00e3o integra o ciclo de a\u00e7\u00f5es do PDEC em 2025 e reafirma o compromisso com a qualifica\u00e7\u00e3o das equipes e com a centralidade dos sujeitos nos territ\u00f3rios. Porque \u00e9 na conviv\u00eancia que as narrativas ganham for\u00e7a e se transformam em direitos.<\/p>\n\n\n\n<p>Representando o assessoramento da PAULUS Social, a analista de projetos sociais Anna<br>Caroline Gama \u2014 especialista em Servi\u00e7o Social e Pol\u00edticas P\u00fablicas \u2014 acompanhou toda a<br>forma\u00e7\u00e3o. Esteve presente em todas as etapas, desde o planejamento at\u00e9 a execu\u00e7\u00e3o,<br>assegurando que o percurso formativo estivesse alinhado com as diretrizes da PAULUS e da<br>Pol\u00edtica de Assist\u00eancia Social.<\/p>\n\n\n\n<p>O Programa Direito e Cidadania qualifica orientadores e educadores sociais de Servi\u00e7os de Conviv\u00eancia e Fortalecimento de V\u00ednculos do SUAS em todo o Brasil, por meio de processos formativos baseados em diagn\u00f3sticos territoriais realizados em parceria com CMAS, secretarias de assist\u00eancia social e organiza\u00e7\u00f5es sociais, tendo como elemento facilitador o kit de livros da PAULUS, exclusivamente elaborado para essa finalidade.<\/p>\n\n\n\n<p><\/p>\n","protected":false},"featured_media":9873,"template":"","tags":[],"class_list":["post-9872","noticias","type-noticias","status-publish","has-post-thumbnail","hentry"],"acf":[],"_links":{"self":[{"href":"https:\/\/www.paulus.com.br\/assistencia-social\/wp-json\/wp\/v2\/noticias\/9872","targetHints":{"allow":["GET"]}}],"collection":[{"href":"https:\/\/www.paulus.com.br\/assistencia-social\/wp-json\/wp\/v2\/noticias"}],"about":[{"href":"https:\/\/www.paulus.com.br\/assistencia-social\/wp-json\/wp\/v2\/types\/noticias"}],"wp:featuredmedia":[{"embeddable":true,"href":"https:\/\/www.paulus.com.br\/assistencia-social\/wp-json\/wp\/v2\/media\/9873"}],"wp:attachment":[{"href":"https:\/\/www.paulus.com.br\/assistencia-social\/wp-json\/wp\/v2\/media?parent=9872"}],"wp:term":[{"taxonomy":"post_tag","embeddable":true,"href":"https:\/\/www.paulus.com.br\/assistencia-social\/wp-json\/wp\/v2\/tags?post=9872"}],"curies":[{"name":"wp","href":"https:\/\/api.w.org\/{rel}","templated":true}]}}