{"id":9841,"date":"2025-05-06T14:46:00","date_gmt":"2025-05-06T17:46:00","guid":{"rendered":"https:\/\/www.paulus.com.br\/assistencia-social\/?post_type=noticias&#038;p=9841"},"modified":"2025-05-06T14:46:45","modified_gmt":"2025-05-06T17:46:45","slug":"paulus-social-e-recebida-com-evento-em-teresina-para-fortalecimento-da-rede-socioassistencial","status":"publish","type":"noticias","link":"https:\/\/www.paulus.com.br\/assistencia-social\/noticias\/paulus-social-e-recebida-com-evento-em-teresina-para-fortalecimento-da-rede-socioassistencial\/","title":{"rendered":"PAULUS Social \u00e9 recebida com evento em Teresina para fortalecimento da Rede Socioassistencial"},"content":{"rendered":"\n<p>No dia 23 de abril, a cidade de Teresina foi palco de um importante evento de recep\u00e7\u00e3o \u00e0 chegada da PAULUS Social ao munic\u00edpio. A iniciativa, promovida por Djan Moreira, presidente do Conselho Municipal dos Direitos da Crian\u00e7a e do Adolescente de Teresina (CMDCAT), teve como objetivo acolher oficialmente Alessandro Tiezzi, coordenador, e Mira Lopes, supervisora da PAULUS Social, e apresentar o Programa de Assessoramento Defesa e Garantia de Direitos (ADGD) da institui\u00e7\u00e3o em \u00e2mbito nacional.<\/p>\n\n\n\n<p>O encontro foi realizado no audit\u00f3rio da Defensoria P\u00fablica de Teresina e contou com a presen\u00e7a da Secretaria Municipal de Cidadania, Assist\u00eancia Social e Pol\u00edticas Integradas (SEMCASP), na pessoa da secret\u00e1ria Eliane e Silva Nogueira Lima, de representantes do Conselho Municipal de Assist\u00eancia Social (CMAS), al\u00e9m de integrantes da Secretaria Municipal da Juventude (SEMJUV), defensoras p\u00fablicas, trabalhadores e usu\u00e1rios da rede socioassistencial e do Sistema de Garantia de Direitos (SGD).<\/p>\n\n\n\n<p>Durante o evento, foram discutidas estrat\u00e9gias e a\u00e7\u00f5es voltadas \u00e0 implementa\u00e7\u00e3o de processos formativos para o segundo semestre de 2025, refor\u00e7ando o compromisso da PAULUS Social com o fortalecimento e qualifica\u00e7\u00e3o da rede socioassistencial local. A programa\u00e7\u00e3o visou tamb\u00e9m estimular a integra\u00e7\u00e3o entre as pol\u00edticas p\u00fablicas e os agentes que atuam na prote\u00e7\u00e3o e promo\u00e7\u00e3o dos direitos sociais.<\/p>\n\n\n\n<p>Al\u00e9m das atividades institucionais, Alessandro Tiezzi e Mira Lopes participaram de entrevistas em emissoras de r\u00e1dio e televis\u00e3o locais, com o objetivo de ampliar a divulga\u00e7\u00e3o do trabalho que ser\u00e1 desenvolvido em parceria com o munic\u00edpio nos pr\u00f3ximos anos. Entre os focos da atua\u00e7\u00e3o conjunta est\u00e3o a realiza\u00e7\u00e3o de forma\u00e7\u00f5es t\u00e9cnicas para profissionais do SUAS, a produ\u00e7\u00e3o de materiais impressos voltados \u00e0 educa\u00e7\u00e3o permanente deste mesmo p\u00fablico e \u00e0 difus\u00e3o de conte\u00fados relacionados a pol\u00edtica p\u00fablica de assist\u00eancia social.<\/p>\n\n\n\n<p>A chegada da PAULUS Social em Teresina marca um passo significativo no fortalecimento da pol\u00edtica p\u00fablica de assist\u00eancia social local e refor\u00e7a o compromisso da PAULUS na materializa\u00e7\u00e3o de sua miss\u00e3o de promo\u00e7\u00e3o humana e de contribui\u00e7\u00e3o com a consolida\u00e7\u00e3o do SUAS.<\/p>\n\n\n\n<p>As a\u00e7\u00f5es do ADGD s\u00e3o caracterizadas pela Resolu\u00e7\u00e3o do Conselho Nacional de Assist\u00eancia Social \u2013 CNAS n\u00ba 182 publicada em 2025. Esta caracteriza\u00e7\u00e3o consolida a PAULUS como entidade de assessoramento, cruzando todo o pa\u00eds com a\u00e7\u00f5es dirigidas ao p\u00fablico da assist\u00eancia social, voltadas prioritariamente para o fortalecimento de fam\u00edlias e indiv\u00edduos em situa\u00e7\u00e3o de vulnerabilidade e riscos pessoais e sociais atendidas pela rede socioassistencial. As forma\u00e7\u00f5es, pesquisas e publica\u00e7\u00f5es s\u00e3o oferecidas gratuitamente.<\/p>\n\n\n\n<p><\/p>\n","protected":false},"featured_media":9842,"template":"","tags":[],"class_list":["post-9841","noticias","type-noticias","status-publish","has-post-thumbnail","hentry"],"acf":[],"_links":{"self":[{"href":"https:\/\/www.paulus.com.br\/assistencia-social\/wp-json\/wp\/v2\/noticias\/9841","targetHints":{"allow":["GET"]}}],"collection":[{"href":"https:\/\/www.paulus.com.br\/assistencia-social\/wp-json\/wp\/v2\/noticias"}],"about":[{"href":"https:\/\/www.paulus.com.br\/assistencia-social\/wp-json\/wp\/v2\/types\/noticias"}],"wp:featuredmedia":[{"embeddable":true,"href":"https:\/\/www.paulus.com.br\/assistencia-social\/wp-json\/wp\/v2\/media\/9842"}],"wp:attachment":[{"href":"https:\/\/www.paulus.com.br\/assistencia-social\/wp-json\/wp\/v2\/media?parent=9841"}],"wp:term":[{"taxonomy":"post_tag","embeddable":true,"href":"https:\/\/www.paulus.com.br\/assistencia-social\/wp-json\/wp\/v2\/tags?post=9841"}],"curies":[{"name":"wp","href":"https:\/\/api.w.org\/{rel}","templated":true}]}}