{"id":9816,"date":"2025-05-05T14:20:34","date_gmt":"2025-05-05T17:20:34","guid":{"rendered":"https:\/\/www.paulus.com.br\/assistencia-social\/?post_type=noticias&#038;p=9816"},"modified":"2025-05-05T14:20:34","modified_gmt":"2025-05-05T17:20:34","slug":"protagonismo-mao-na-massa-ou-no-chocolate","status":"publish","type":"noticias","link":"https:\/\/www.paulus.com.br\/assistencia-social\/noticias\/protagonismo-mao-na-massa-ou-no-chocolate\/","title":{"rendered":"Protagonismo: m\u00e3o na massa (ou, no chocolate)!"},"content":{"rendered":"\n<p>O desenvolvimento da autonomia das crian\u00e7as e adolescentes atendidos \u00e9 um dos objetivos definidos no percurso atual, que vai de abril a junho, do Centro PAULUS de Conviv\u00eancia &#8211; Freguesia do \u00d3. Dentro do Servi\u00e7o de Conviv\u00eancia e Fortalecimento de V\u00ednculos, \u201cpercurso\u201d \u00e9 o modo que s\u00e3o pensados os atendimentos, desde a acolhida de cada pessoa, os temas que s\u00e3o trabalhados, as linguagens, objetivos a serem alcan\u00e7ados e as din\u00e2micas de cada dia, que envolvem rodas de conversas, atividades l\u00fadicas, art\u00edsticas, esportivas, tecnol\u00f3gicas, intergeracionais, dentro e fora do nosso espa\u00e7o, sempre pautadas na intencionalidade.<\/p>\n\n\n\n<figure class=\"wp-block-image size-full\"><a href=\"https:\/\/www.paulus.com.br\/assistencia-social\/wp-content\/uploads\/2025\/05\/freguesia050525-1.png\"><img loading=\"lazy\" decoding=\"async\" width=\"716\" height=\"444\" src=\"https:\/\/www.paulus.com.br\/assistencia-social\/wp-content\/uploads\/2025\/05\/freguesia050525-1.png\" alt=\"\" class=\"wp-image-9819\" srcset=\"https:\/\/www.paulus.com.br\/assistencia-social\/wp-content\/uploads\/2025\/05\/freguesia050525-1.png 716w, https:\/\/www.paulus.com.br\/assistencia-social\/wp-content\/uploads\/2025\/05\/freguesia050525-1-300x186.png 300w\" sizes=\"auto, (max-width: 716px) 100vw, 716px\" \/><\/a><\/figure>\n\n\n\n<p>A fim de alcan\u00e7ar esse objetivo e, tamb\u00e9m, no m\u00eas da P\u00e1scoa, as crian\u00e7as confeccionaram os pr\u00f3prios ovos de chocolate. O processo envolveu forrar as mesas, lavar as m\u00e3os, colocar toucas e, assim, prepararam os ovos com muita alegria e dedica\u00e7\u00e3o. E, para quem pensa que \u00e9 algo simples, s\u00e3o atividades assim que abrem oportunidades para serem trabalhadas a comunica\u00e7\u00e3o, trabalho em equipe, entendimento e seguimento de instru\u00e7\u00f5es, ajuda aos colegas, protagonismo, paci\u00eancia, cuidado, entre outras caracter\u00edsticas.<\/p>\n\n\n\n<figure class=\"wp-block-image size-full\"><a href=\"https:\/\/www.paulus.com.br\/assistencia-social\/wp-content\/uploads\/2025\/05\/freguesia050525-2.png\"><img loading=\"lazy\" decoding=\"async\" width=\"716\" height=\"444\" src=\"https:\/\/www.paulus.com.br\/assistencia-social\/wp-content\/uploads\/2025\/05\/freguesia050525-2.png\" alt=\"\" class=\"wp-image-9820\" srcset=\"https:\/\/www.paulus.com.br\/assistencia-social\/wp-content\/uploads\/2025\/05\/freguesia050525-2.png 716w, https:\/\/www.paulus.com.br\/assistencia-social\/wp-content\/uploads\/2025\/05\/freguesia050525-2-300x186.png 300w\" sizes=\"auto, (max-width: 716px) 100vw, 716px\" \/><\/a><\/figure>\n\n\n\n<p>Cada ovo foi cuidadosamente embalado e entregue aos atendidos que n\u00e3o esperaram ir para casa para sabore\u00e1-los!<\/p>\n\n\n\n<figure class=\"wp-block-image size-full\"><a href=\"https:\/\/www.paulus.com.br\/assistencia-social\/wp-content\/uploads\/2025\/05\/freguesia050525-4.png\"><img loading=\"lazy\" decoding=\"async\" width=\"716\" height=\"444\" src=\"https:\/\/www.paulus.com.br\/assistencia-social\/wp-content\/uploads\/2025\/05\/freguesia050525-4.png\" alt=\"\" class=\"wp-image-9821\" srcset=\"https:\/\/www.paulus.com.br\/assistencia-social\/wp-content\/uploads\/2025\/05\/freguesia050525-4.png 716w, https:\/\/www.paulus.com.br\/assistencia-social\/wp-content\/uploads\/2025\/05\/freguesia050525-4-300x186.png 300w\" sizes=\"auto, (max-width: 716px) 100vw, 716px\" \/><\/a><\/figure>\n\n\n\n<figure class=\"wp-block-image size-full\"><a href=\"https:\/\/www.paulus.com.br\/assistencia-social\/wp-content\/uploads\/2025\/05\/freguesia050525-5.png\"><img loading=\"lazy\" decoding=\"async\" width=\"716\" height=\"444\" src=\"https:\/\/www.paulus.com.br\/assistencia-social\/wp-content\/uploads\/2025\/05\/freguesia050525-5.png\" alt=\"\" class=\"wp-image-9822\" srcset=\"https:\/\/www.paulus.com.br\/assistencia-social\/wp-content\/uploads\/2025\/05\/freguesia050525-5.png 716w, https:\/\/www.paulus.com.br\/assistencia-social\/wp-content\/uploads\/2025\/05\/freguesia050525-5-300x186.png 300w\" sizes=\"auto, (max-width: 716px) 100vw, 716px\" \/><\/a><\/figure>\n","protected":false},"featured_media":9817,"template":"","tags":[],"class_list":["post-9816","noticias","type-noticias","status-publish","has-post-thumbnail","hentry"],"acf":[],"_links":{"self":[{"href":"https:\/\/www.paulus.com.br\/assistencia-social\/wp-json\/wp\/v2\/noticias\/9816","targetHints":{"allow":["GET"]}}],"collection":[{"href":"https:\/\/www.paulus.com.br\/assistencia-social\/wp-json\/wp\/v2\/noticias"}],"about":[{"href":"https:\/\/www.paulus.com.br\/assistencia-social\/wp-json\/wp\/v2\/types\/noticias"}],"wp:featuredmedia":[{"embeddable":true,"href":"https:\/\/www.paulus.com.br\/assistencia-social\/wp-json\/wp\/v2\/media\/9817"}],"wp:attachment":[{"href":"https:\/\/www.paulus.com.br\/assistencia-social\/wp-json\/wp\/v2\/media?parent=9816"}],"wp:term":[{"taxonomy":"post_tag","embeddable":true,"href":"https:\/\/www.paulus.com.br\/assistencia-social\/wp-json\/wp\/v2\/tags?post=9816"}],"curies":[{"name":"wp","href":"https:\/\/api.w.org\/{rel}","templated":true}]}}