{"id":9810,"date":"2025-05-05T14:10:40","date_gmt":"2025-05-05T17:10:40","guid":{"rendered":"https:\/\/www.paulus.com.br\/assistencia-social\/?post_type=noticias&#038;p=9810"},"modified":"2025-05-05T14:10:40","modified_gmt":"2025-05-05T17:10:40","slug":"adolescentes-e-jovens-fazem-a-cobertura-de-eventos-na-vila-mariana","status":"publish","type":"noticias","link":"https:\/\/www.paulus.com.br\/assistencia-social\/noticias\/adolescentes-e-jovens-fazem-a-cobertura-de-eventos-na-vila-mariana\/","title":{"rendered":"Adolescentes e jovens fazem a cobertura de eventos na Vila Mariana"},"content":{"rendered":"\n<p>No dia 24\/04\/2025, os adolescentes e jovens atendidos pelo Centro PAULUS de Conviv\u00eancia \u2013 Vila Mariana tiveram uma miss\u00e3o muito importante: registrar o Semin\u00e1rio de Educa\u00e7\u00e3o Permanente para os Trabalhadores do SUAS, um evento realizado pela PAULUS Social em parceria com o Espa\u00e7o P\u00fablico do Aprender Social \u2013 ESPASO\/SMADS.<\/p>\n\n\n\n<figure class=\"wp-block-image size-full\"><a href=\"https:\/\/www.paulus.com.br\/assistencia-social\/wp-content\/uploads\/2025\/05\/cpccotia050525-3.png\"><img loading=\"lazy\" decoding=\"async\" width=\"716\" height=\"444\" src=\"https:\/\/www.paulus.com.br\/assistencia-social\/wp-content\/uploads\/2025\/05\/cpccotia050525-3.png\" alt=\"\" class=\"wp-image-9814\" srcset=\"https:\/\/www.paulus.com.br\/assistencia-social\/wp-content\/uploads\/2025\/05\/cpccotia050525-3.png 716w, https:\/\/www.paulus.com.br\/assistencia-social\/wp-content\/uploads\/2025\/05\/cpccotia050525-3-300x186.png 300w\" sizes=\"auto, (max-width: 716px) 100vw, 716px\" \/><\/a><\/figure>\n\n\n\n<p>Contando com a supervis\u00e3o dos educadores sociais, os atendidos circularam pelo espa\u00e7o da FAPCOM, onde o evento foi realizado, com c\u00e2meras em m\u00e3os e diferentes atribui\u00e7\u00f5es. Enquanto alguns ficaram respons\u00e1veis pelos registros fotogr\u00e1ficos, outros realizavam entrevistas com os presentes. Em um exerc\u00edcio de comunica\u00e7\u00e3o e desenvoltura, eles abordavam o p\u00fablico, perguntando sobre as expectativas em rela\u00e7\u00e3o ao semin\u00e1rio.<\/p>\n\n\n\n<figure class=\"wp-block-image size-full\"><a href=\"https:\/\/www.paulus.com.br\/assistencia-social\/wp-content\/uploads\/2025\/05\/cpccotia050525-4.png\"><img loading=\"lazy\" decoding=\"async\" width=\"716\" height=\"444\" src=\"https:\/\/www.paulus.com.br\/assistencia-social\/wp-content\/uploads\/2025\/05\/cpccotia050525-4.png\" alt=\"\" class=\"wp-image-9815\" srcset=\"https:\/\/www.paulus.com.br\/assistencia-social\/wp-content\/uploads\/2025\/05\/cpccotia050525-4.png 716w, https:\/\/www.paulus.com.br\/assistencia-social\/wp-content\/uploads\/2025\/05\/cpccotia050525-4-300x186.png 300w\" sizes=\"auto, (max-width: 716px) 100vw, 716px\" \/><\/a><\/figure>\n\n\n\n<p>Ao fim do semin\u00e1rio, o resultado obtido foram registros visuais com qualidade profissional. Al\u00e9m disso, a cobertura audiovisual do evento foi uma oportunidade para a viv\u00eancia do dia a dia de um profissional da \u00e1rea, estimulando o planejamento, o protagonismo, a comunica\u00e7\u00e3o, a responsabilidade, o trabalho em equipe e aprimorando o olhar art\u00edstico dos adolescentes e jovens.<\/p>\n\n\n\n<figure class=\"wp-block-image size-full\"><a href=\"https:\/\/www.paulus.com.br\/assistencia-social\/wp-content\/uploads\/2025\/05\/cpccotia050525-1.png\"><img loading=\"lazy\" decoding=\"async\" width=\"716\" height=\"444\" src=\"https:\/\/www.paulus.com.br\/assistencia-social\/wp-content\/uploads\/2025\/05\/cpccotia050525-1.png\" alt=\"\" class=\"wp-image-9813\" srcset=\"https:\/\/www.paulus.com.br\/assistencia-social\/wp-content\/uploads\/2025\/05\/cpccotia050525-1.png 716w, https:\/\/www.paulus.com.br\/assistencia-social\/wp-content\/uploads\/2025\/05\/cpccotia050525-1-300x186.png 300w\" sizes=\"auto, (max-width: 716px) 100vw, 716px\" \/><\/a><\/figure>\n","protected":false},"featured_media":9811,"template":"","tags":[],"class_list":["post-9810","noticias","type-noticias","status-publish","has-post-thumbnail","hentry"],"acf":[],"_links":{"self":[{"href":"https:\/\/www.paulus.com.br\/assistencia-social\/wp-json\/wp\/v2\/noticias\/9810","targetHints":{"allow":["GET"]}}],"collection":[{"href":"https:\/\/www.paulus.com.br\/assistencia-social\/wp-json\/wp\/v2\/noticias"}],"about":[{"href":"https:\/\/www.paulus.com.br\/assistencia-social\/wp-json\/wp\/v2\/types\/noticias"}],"wp:featuredmedia":[{"embeddable":true,"href":"https:\/\/www.paulus.com.br\/assistencia-social\/wp-json\/wp\/v2\/media\/9811"}],"wp:attachment":[{"href":"https:\/\/www.paulus.com.br\/assistencia-social\/wp-json\/wp\/v2\/media?parent=9810"}],"wp:term":[{"taxonomy":"post_tag","embeddable":true,"href":"https:\/\/www.paulus.com.br\/assistencia-social\/wp-json\/wp\/v2\/tags?post=9810"}],"curies":[{"name":"wp","href":"https:\/\/api.w.org\/{rel}","templated":true}]}}