{"id":9805,"date":"2025-05-05T13:30:57","date_gmt":"2025-05-05T16:30:57","guid":{"rendered":"https:\/\/www.paulus.com.br\/assistencia-social\/?post_type=noticias&#038;p=9805"},"modified":"2025-05-05T13:30:58","modified_gmt":"2025-05-05T16:30:58","slug":"intergeracionalidade-acontece-em-cotia","status":"publish","type":"noticias","link":"https:\/\/www.paulus.com.br\/assistencia-social\/noticias\/intergeracionalidade-acontece-em-cotia\/","title":{"rendered":"Intergeracionalidade acontece em Cotia"},"content":{"rendered":"\n<p>O Centro PAULUS de Conviv\u00eancia \u2013 Cotia \u00e9 a unidade onde s\u00e3o atendidas crian\u00e7as, adolescentes e pessoas idosas. Aproveitando essa diversidade de p\u00fablico, em abril, foram realizadas atividades intergeracionais, integrando os grupos de adolescentes e pessoas idosas, e, em alguns momentos, as crian\u00e7as. Tendo como objetivo o fortalecimento de v\u00ednculos entre as gera\u00e7\u00f5es, por meio do compartilhamento de experi\u00eancias e conhecimentos por ambas as partes, e ainda a cria\u00e7\u00e3o de novas hist\u00f3rias. Todos abra\u00e7aram os desafios e se auxiliaram para executar as atividades propostas, contribuindo uns com os outros, o que se torna uma divertida quebra de paradigmas.<\/p>\n\n\n\n<p>A condu\u00e7\u00e3o das propostas levou as pessoas idosas \u00e0s brincadeiras como pular cordas, escutarem e aprenderem sobre tend\u00eancias atuais, como as dan\u00e7as da rede social \u201cTiktok\u201d, atividades f\u00edsicas, entre outras atividades comuns aos adolescentes e que se tornaram comuns para todos<\/p>\n\n\n\n<figure class=\"wp-block-image size-full\"><a href=\"https:\/\/www.paulus.com.br\/assistencia-social\/wp-content\/uploads\/2025\/05\/716-cpc-cotia-2.png\"><img loading=\"lazy\" decoding=\"async\" width=\"716\" height=\"444\" src=\"https:\/\/www.paulus.com.br\/assistencia-social\/wp-content\/uploads\/2025\/05\/716-cpc-cotia-2.png\" alt=\"\" class=\"wp-image-9809\" srcset=\"https:\/\/www.paulus.com.br\/assistencia-social\/wp-content\/uploads\/2025\/05\/716-cpc-cotia-2.png 716w, https:\/\/www.paulus.com.br\/assistencia-social\/wp-content\/uploads\/2025\/05\/716-cpc-cotia-2-300x186.png 300w\" sizes=\"auto, (max-width: 716px) 100vw, 716px\" \/><\/a><\/figure>\n\n\n\n<p>Os grupos t\u00eam como proposta, neste percurso, n\u00e3o apenas participar das atividades, mas trabalhar os eixos norteadores \u201cEu comigo\u201d e \u201ceu com os outros\u201d, onde a constru\u00e7\u00e3o da auto estima, identidade, sociabilidade, respeito e empatia s\u00e3o os valores centrais.<\/p>\n\n\n\n<p>A troca entre gera\u00e7\u00f5es tem proporcionado momentos de aprendizado m\u00fatuo, ampliando horizontes e fortalecendo tais eixos.<\/p>\n\n\n\n<p>Ao mesmo tempo em que os adolescentes compartilham com as pessoas idosas elementos da cultura digital e da atualidade, eles oferecem sua viv\u00eancia, hist\u00f3rias de vida e saberes, o que enriquece a experi\u00eancia de todos. A intera\u00e7\u00e3o tem se mostrado positiva e divertida para todos.<\/p>\n\n\n\n<figure class=\"wp-block-image size-full\"><a href=\"https:\/\/www.paulus.com.br\/assistencia-social\/wp-content\/uploads\/2025\/05\/716-cpc-cotia-1.png\"><img loading=\"lazy\" decoding=\"async\" width=\"716\" height=\"444\" src=\"https:\/\/www.paulus.com.br\/assistencia-social\/wp-content\/uploads\/2025\/05\/716-cpc-cotia-1.png\" alt=\"\" class=\"wp-image-9808\" srcset=\"https:\/\/www.paulus.com.br\/assistencia-social\/wp-content\/uploads\/2025\/05\/716-cpc-cotia-1.png 716w, https:\/\/www.paulus.com.br\/assistencia-social\/wp-content\/uploads\/2025\/05\/716-cpc-cotia-1-300x186.png 300w\" sizes=\"auto, (max-width: 716px) 100vw, 716px\" \/><\/a><\/figure>\n","protected":false},"featured_media":9806,"template":"","tags":[],"class_list":["post-9805","noticias","type-noticias","status-publish","has-post-thumbnail","hentry"],"acf":[],"_links":{"self":[{"href":"https:\/\/www.paulus.com.br\/assistencia-social\/wp-json\/wp\/v2\/noticias\/9805","targetHints":{"allow":["GET"]}}],"collection":[{"href":"https:\/\/www.paulus.com.br\/assistencia-social\/wp-json\/wp\/v2\/noticias"}],"about":[{"href":"https:\/\/www.paulus.com.br\/assistencia-social\/wp-json\/wp\/v2\/types\/noticias"}],"wp:featuredmedia":[{"embeddable":true,"href":"https:\/\/www.paulus.com.br\/assistencia-social\/wp-json\/wp\/v2\/media\/9806"}],"wp:attachment":[{"href":"https:\/\/www.paulus.com.br\/assistencia-social\/wp-json\/wp\/v2\/media?parent=9805"}],"wp:term":[{"taxonomy":"post_tag","embeddable":true,"href":"https:\/\/www.paulus.com.br\/assistencia-social\/wp-json\/wp\/v2\/tags?post=9805"}],"curies":[{"name":"wp","href":"https:\/\/api.w.org\/{rel}","templated":true}]}}