{"id":9796,"date":"2025-05-05T13:20:59","date_gmt":"2025-05-05T16:20:59","guid":{"rendered":"https:\/\/www.paulus.com.br\/assistencia-social\/?post_type=noticias&#038;p=9796"},"modified":"2025-05-05T13:21:00","modified_gmt":"2025-05-05T16:21:00","slug":"se-a-terra-falasse-o-que-ela-diria-pra-gente","status":"publish","type":"noticias","link":"https:\/\/www.paulus.com.br\/assistencia-social\/noticias\/se-a-terra-falasse-o-que-ela-diria-pra-gente\/","title":{"rendered":"Se a Terra falasse, o que ela diria pra gente?"},"content":{"rendered":"\n<p>Nos primeiros dias de abril, foi dado in\u00edcio a um novo percurso no Centro PAULUS de Conviv\u00eancia \u2013 Osasco, com o tema: &#8220;Meio ambiente: sustentabilidade, arte e comunidade em movimento&#8221;.<\/p>\n\n\n\n<figure class=\"wp-block-image size-full\"><a href=\"https:\/\/www.paulus.com.br\/assistencia-social\/wp-content\/uploads\/2025\/05\/cpcosasco050524-4.png\"><img loading=\"lazy\" decoding=\"async\" width=\"716\" height=\"444\" src=\"https:\/\/www.paulus.com.br\/assistencia-social\/wp-content\/uploads\/2025\/05\/cpcosasco050524-4.png\" alt=\"\" class=\"wp-image-9802\" srcset=\"https:\/\/www.paulus.com.br\/assistencia-social\/wp-content\/uploads\/2025\/05\/cpcosasco050524-4.png 716w, https:\/\/www.paulus.com.br\/assistencia-social\/wp-content\/uploads\/2025\/05\/cpcosasco050524-4-300x186.png 300w\" sizes=\"auto, (max-width: 716px) 100vw, 716px\" \/><\/a><\/figure>\n\n\n\n<p>A atividade de abertura foi uma proposta reflexiva que convidou as crian\u00e7as e adolescentes a imaginarem o planeta Terra como uma pessoa com sentimentos, pensamentos e voz pr\u00f3pria.<\/p>\n\n\n\n<figure class=\"wp-block-image size-full\"><a href=\"https:\/\/www.paulus.com.br\/assistencia-social\/wp-content\/uploads\/2025\/05\/cpcosasco050524-3.png\"><img loading=\"lazy\" decoding=\"async\" width=\"716\" height=\"444\" src=\"https:\/\/www.paulus.com.br\/assistencia-social\/wp-content\/uploads\/2025\/05\/cpcosasco050524-3.png\" alt=\"\" class=\"wp-image-9801\" srcset=\"https:\/\/www.paulus.com.br\/assistencia-social\/wp-content\/uploads\/2025\/05\/cpcosasco050524-3.png 716w, https:\/\/www.paulus.com.br\/assistencia-social\/wp-content\/uploads\/2025\/05\/cpcosasco050524-3-300x186.png 300w\" sizes=\"auto, (max-width: 716px) 100vw, 716px\" \/><\/a><\/figure>\n\n\n\n<p>Com l\u00e1pis, papel e muita criatividade, as crian\u00e7as e adolescentes refletiram, desenharam e escreveram o que acreditam que o nosso planeta tem a dizer pra humanidade. O resultado? Muitas mensagens poderosas, cheias de cuidado, empatia e consci\u00eancia ambiental.<\/p>\n\n\n\n<figure class=\"wp-block-image size-full\"><a href=\"https:\/\/www.paulus.com.br\/assistencia-social\/wp-content\/uploads\/2025\/05\/cpcosasco050524-2.png\"><img loading=\"lazy\" decoding=\"async\" width=\"716\" height=\"444\" src=\"https:\/\/www.paulus.com.br\/assistencia-social\/wp-content\/uploads\/2025\/05\/cpcosasco050524-2.png\" alt=\"\" class=\"wp-image-9800\" srcset=\"https:\/\/www.paulus.com.br\/assistencia-social\/wp-content\/uploads\/2025\/05\/cpcosasco050524-2.png 716w, https:\/\/www.paulus.com.br\/assistencia-social\/wp-content\/uploads\/2025\/05\/cpcosasco050524-2-300x186.png 300w\" sizes=\"auto, (max-width: 716px) 100vw, 716px\" \/><\/a><\/figure>\n\n\n\n<p>Porque quando a escuta \u00e9 ativa e o olhar \u00e9 sens\u00edvel, at\u00e9 a Terra encontra espa\u00e7o para falar. E a gente aprende com ela.<\/p>\n\n\n\n<figure class=\"wp-block-image size-full\"><a href=\"https:\/\/www.paulus.com.br\/assistencia-social\/wp-content\/uploads\/2025\/05\/cpcosasco050524-5.png\"><img loading=\"lazy\" decoding=\"async\" width=\"716\" height=\"444\" src=\"https:\/\/www.paulus.com.br\/assistencia-social\/wp-content\/uploads\/2025\/05\/cpcosasco050524-5.png\" alt=\"\" class=\"wp-image-9803\" srcset=\"https:\/\/www.paulus.com.br\/assistencia-social\/wp-content\/uploads\/2025\/05\/cpcosasco050524-5.png 716w, https:\/\/www.paulus.com.br\/assistencia-social\/wp-content\/uploads\/2025\/05\/cpcosasco050524-5-300x186.png 300w\" sizes=\"auto, (max-width: 716px) 100vw, 716px\" \/><\/a><\/figure>\n\n\n\n<figure class=\"wp-block-image size-full\"><a href=\"https:\/\/www.paulus.com.br\/assistencia-social\/wp-content\/uploads\/2025\/05\/cpcosasco050524-1.png\"><img loading=\"lazy\" decoding=\"async\" width=\"716\" height=\"444\" src=\"https:\/\/www.paulus.com.br\/assistencia-social\/wp-content\/uploads\/2025\/05\/cpcosasco050524-1.png\" alt=\"\" class=\"wp-image-9799\" srcset=\"https:\/\/www.paulus.com.br\/assistencia-social\/wp-content\/uploads\/2025\/05\/cpcosasco050524-1.png 716w, https:\/\/www.paulus.com.br\/assistencia-social\/wp-content\/uploads\/2025\/05\/cpcosasco050524-1-300x186.png 300w\" sizes=\"auto, (max-width: 716px) 100vw, 716px\" \/><\/a><\/figure>\n\n\n","protected":false},"featured_media":9804,"template":"","tags":[],"class_list":["post-9796","noticias","type-noticias","status-publish","has-post-thumbnail","hentry"],"acf":[],"_links":{"self":[{"href":"https:\/\/www.paulus.com.br\/assistencia-social\/wp-json\/wp\/v2\/noticias\/9796","targetHints":{"allow":["GET"]}}],"collection":[{"href":"https:\/\/www.paulus.com.br\/assistencia-social\/wp-json\/wp\/v2\/noticias"}],"about":[{"href":"https:\/\/www.paulus.com.br\/assistencia-social\/wp-json\/wp\/v2\/types\/noticias"}],"wp:featuredmedia":[{"embeddable":true,"href":"https:\/\/www.paulus.com.br\/assistencia-social\/wp-json\/wp\/v2\/media\/9804"}],"wp:attachment":[{"href":"https:\/\/www.paulus.com.br\/assistencia-social\/wp-json\/wp\/v2\/media?parent=9796"}],"wp:term":[{"taxonomy":"post_tag","embeddable":true,"href":"https:\/\/www.paulus.com.br\/assistencia-social\/wp-json\/wp\/v2\/tags?post=9796"}],"curies":[{"name":"wp","href":"https:\/\/api.w.org\/{rel}","templated":true}]}}