{"id":9767,"date":"2025-04-29T14:56:16","date_gmt":"2025-04-29T17:56:16","guid":{"rendered":"https:\/\/www.paulus.com.br\/assistencia-social\/?post_type=noticias&#038;p=9767"},"modified":"2025-04-29T14:56:17","modified_gmt":"2025-04-29T17:56:17","slug":"contextualizacao-do-suas-e-escrita-de-relatorios-tecnicos-sao-temas-de-formacao-em-belem-pa","status":"publish","type":"noticias","link":"https:\/\/www.paulus.com.br\/assistencia-social\/noticias\/contextualizacao-do-suas-e-escrita-de-relatorios-tecnicos-sao-temas-de-formacao-em-belem-pa\/","title":{"rendered":"Contextualiza\u00e7\u00e3o do SUAS e escrita de relat\u00f3rios t\u00e9cnicos s\u00e3o temas de forma\u00e7\u00e3o em Bel\u00e9m\/PA"},"content":{"rendered":"\n<p>A PAULUS Social, em parceria com a Funda\u00e7\u00e3o Papa Jo\u00e3o XXIII \u2013 FUNPAPA, esteve entre os dias 8, 9 e 10 de abril na cidade de Bel\u00e9m, no Par\u00e1, desenvolvendo percurso formativo com os coordenadores de CRAS e CREAS, al\u00e9m dos t\u00e9cnicos, gestores e educadores sociais.<\/p>\n\n\n\n<p>A forma\u00e7\u00e3o aconteceu no audit\u00f3rio da PAULUS livraria de Bel\u00e9m, reafirmando o compromisso institucional da PAULUS com a disponibiliza\u00e7\u00e3o de todas as suas \u00e1reas meio para a execu\u00e7\u00e3o de sua atividade final\u00edstica de promo\u00e7\u00e3o humana e fortalecimento do Sistema \u00danico de Assist\u00eancia Social (SUAS).<\/p>\n\n\n\n<p>O percurso formativo foi facilitado por Flaviana Aparecida de Melo, assistente social de forma\u00e7\u00e3o, mestre em servi\u00e7o social pela PUC-SP e professora universit\u00e1ria. Servidora da prefeitura de S\u00e3o Paulo, Flaviana atua na elabora\u00e7\u00e3o de planos e projetos com ampla experi\u00eancia na forma\u00e7\u00e3o profissional de trabalhadores do SUAS.<\/p>\n\n\n\n<p>Com o objetivo de possibilitar que os trabalhadores que atuam no SUAS do munic\u00edpio interagissem com conte\u00fados propostos acerca da trajet\u00f3ria socio-hist\u00f3rica, pol\u00edtica e econ\u00f4mica da assist\u00eancia social no Brasil, a formadora conduziu os participantes a uma reflex\u00e3o cr\u00edtica e pr\u00e1tica sobre os impactos desse processo no munic\u00edpio, observando as estruturas organizacionais que foram estabelecidas, bem como o arcabou\u00e7o legal em torno da Pol\u00edtica Nacional de Assist\u00eancia Social. Foram apresentadas e disponibilizadas orienta\u00e7\u00f5es de natureza t\u00e9cnica, \u00e9tica e metodol\u00f3gica, voltadas \u00e0 elabora\u00e7\u00e3o de relat\u00f3rios e estudos de caso, com a finalidade de qualificar os participantes para uma produ\u00e7\u00e3o textual t\u00e9cnica fundamentada, normativa e reflexiva. As referidas orienta\u00e7\u00f5es foram ancoradas na pr\u00e1tica profissional dos trabalhadores, considerando as din\u00e2micas territoriais e os impactos diretos dessa atua\u00e7\u00e3o na realidade vivida pelos usu\u00e1rios.<\/p>\n\n\n\n<p>Representando a PAULUS Social, o analista de projetos sociais Andr\u00e9 Nascimento &#8211; pedagogo e especialista em Pol\u00edtica de Assist\u00eancia Social &#8211; esteve presente em todas as etapas de planejamento e execu\u00e7\u00e3o da atividade. Andr\u00e9 acompanhou presencialmente todo o processo formativo, assegurando a conformidade com as diretrizes institucionais da PAULUS Social e os princ\u00edpios da Pol\u00edtica de Assist\u00eancia Social.<\/p>\n\n\n\n<p>O Programa InovaSUAS qualifica trabalhadores do SUAS, conselheiros de assist\u00eancia social e de direitos, gestores, usu\u00e1rios e lideran\u00e7as representativas da rede socioassistencial com at\u00e9 360 horas de forma\u00e7\u00e3o para aprimorar as formas de gest\u00e3o, procedimentos e acessos a direitos sociais, utilizando pr\u00e1ticas inovadoras e conte\u00fados adequados \u00e0s realidades dos territ\u00f3rios. O programa mant\u00e9m, em seu escopo de atua\u00e7\u00e3o metodol\u00f3gica, a produ\u00e7\u00e3o de estudos e a dissemina\u00e7\u00e3o de conte\u00fados de interesse do p\u00fablico da assist\u00eancia social.<\/p>\n","protected":false},"featured_media":9768,"template":"","tags":[],"class_list":["post-9767","noticias","type-noticias","status-publish","has-post-thumbnail","hentry"],"acf":[],"_links":{"self":[{"href":"https:\/\/www.paulus.com.br\/assistencia-social\/wp-json\/wp\/v2\/noticias\/9767","targetHints":{"allow":["GET"]}}],"collection":[{"href":"https:\/\/www.paulus.com.br\/assistencia-social\/wp-json\/wp\/v2\/noticias"}],"about":[{"href":"https:\/\/www.paulus.com.br\/assistencia-social\/wp-json\/wp\/v2\/types\/noticias"}],"wp:featuredmedia":[{"embeddable":true,"href":"https:\/\/www.paulus.com.br\/assistencia-social\/wp-json\/wp\/v2\/media\/9768"}],"wp:attachment":[{"href":"https:\/\/www.paulus.com.br\/assistencia-social\/wp-json\/wp\/v2\/media?parent=9767"}],"wp:term":[{"taxonomy":"post_tag","embeddable":true,"href":"https:\/\/www.paulus.com.br\/assistencia-social\/wp-json\/wp\/v2\/tags?post=9767"}],"curies":[{"name":"wp","href":"https:\/\/api.w.org\/{rel}","templated":true}]}}