{"id":9744,"date":"2025-04-29T12:25:02","date_gmt":"2025-04-29T15:25:02","guid":{"rendered":"https:\/\/www.paulus.com.br\/assistencia-social\/?post_type=noticias&#038;p=9744"},"modified":"2025-04-29T12:37:46","modified_gmt":"2025-04-29T15:37:46","slug":"paulus-social-proporciona-imersao-na-tematica-eixos-estruturantes-do-suas","status":"publish","type":"noticias","link":"https:\/\/www.paulus.com.br\/assistencia-social\/noticias\/paulus-social-proporciona-imersao-na-tematica-eixos-estruturantes-do-suas\/","title":{"rendered":"PAULUS Social proporciona imers\u00e3o na tem\u00e1tica \u201cEixos Estruturantes do SUAS\u201d"},"content":{"rendered":"\n<p>Nos dias 08 e 09 de abril, a PAULUS Social, em parceria com a Secretaria Municipal de Assist\u00eancia e Desenvolvimento Social (SMADS), realizou no Espa\u00e7o P\u00fablico do Aprender Social (ESPASO), um processo formativo destinado a trabalhadores do Sistema \u00danico de Assist\u00eancia Social (SUAS) que atuam na cidade de S\u00e3o Paulo.<\/p>\n\n\n\n<p>Durante dois dias, os participantes foram conduzidos pela experiente formadora Rosimeire Mantovan, por um precioso tempo de reflex\u00e3o e aprofundamento na tem\u00e1tica \u201cEixos Estruturantes do SUAS\u201d. Considerando que este sistema foi organizado para materializar o conte\u00fado da Lei Org\u00e2nica de Assist\u00eancia Social (LOAS) no Brasil, na perspectiva de tornar a Assist\u00eancia Social uma pol\u00edtica p\u00fablica de direitos, um consider\u00e1vel grupo de trabalhadores que atuam em diferentes esferas da referida pol\u00edtica se dedicaram integralmente durante 16 horas a aprofundar o conhecimento sobre o assunto, objetivando uma atua\u00e7\u00e3o eficaz e comprometida, que priorize a garantia da prote\u00e7\u00e3o social aos seus usu\u00e1rios.<\/p>\n\n\n\n<p>Como caracter\u00edstica das atividades desenvolvidas pelo Programa de Assessoramento da PAULUS Social, a analista de projetos sociais \u00c9rica Souto representou a institui\u00e7\u00e3o, garantindo que as a\u00e7\u00f5es e os objetivos do programa fossem bem apresentados e compreendidos pelos participantes.<\/p>\n\n\n\n<p>O Programa InovaSUAS qualifica trabalhadores do SUAS, conselheiros de assist\u00eancia social e de direitos, gestores, usu\u00e1rios e lideran\u00e7a representativas da rede socioassistencial com at\u00e9 360 horas de forma\u00e7\u00e3o para aprimorar as formas de gest\u00e3o, procedimentos e acessos a direitos sociais, utilizando pr\u00e1ticas inovadoras e conte\u00fados adequados \u00e0s realidades dos territ\u00f3rios. O programa mant\u00e9m tamb\u00e9m, em seu escopo de atua\u00e7\u00e3o metodol\u00f3gica, a produ\u00e7\u00e3o de estudos e a dissemina\u00e7\u00e3o de conte\u00fados de interesse do p\u00fablico da assist\u00eancia social.<\/p>\n","protected":false},"featured_media":9755,"template":"","tags":[],"class_list":["post-9744","noticias","type-noticias","status-publish","has-post-thumbnail","hentry"],"acf":[],"_links":{"self":[{"href":"https:\/\/www.paulus.com.br\/assistencia-social\/wp-json\/wp\/v2\/noticias\/9744","targetHints":{"allow":["GET"]}}],"collection":[{"href":"https:\/\/www.paulus.com.br\/assistencia-social\/wp-json\/wp\/v2\/noticias"}],"about":[{"href":"https:\/\/www.paulus.com.br\/assistencia-social\/wp-json\/wp\/v2\/types\/noticias"}],"wp:featuredmedia":[{"embeddable":true,"href":"https:\/\/www.paulus.com.br\/assistencia-social\/wp-json\/wp\/v2\/media\/9755"}],"wp:attachment":[{"href":"https:\/\/www.paulus.com.br\/assistencia-social\/wp-json\/wp\/v2\/media?parent=9744"}],"wp:term":[{"taxonomy":"post_tag","embeddable":true,"href":"https:\/\/www.paulus.com.br\/assistencia-social\/wp-json\/wp\/v2\/tags?post=9744"}],"curies":[{"name":"wp","href":"https:\/\/api.w.org\/{rel}","templated":true}]}}