{"id":9718,"date":"2025-04-10T17:01:43","date_gmt":"2025-04-10T20:01:43","guid":{"rendered":"https:\/\/www.paulus.com.br\/assistencia-social\/?post_type=noticias&#038;p=9718"},"modified":"2025-04-10T17:01:44","modified_gmt":"2025-04-10T20:01:44","slug":"paulus-social-reune-trabalhadores-de-sao-paulo-capital-e-interior-para-refletir-sobre-planejamento-atraves-do-processo-formativo-elaboracao-de-plano-de-acao","status":"publish","type":"noticias","link":"https:\/\/www.paulus.com.br\/assistencia-social\/noticias\/paulus-social-reune-trabalhadores-de-sao-paulo-capital-e-interior-para-refletir-sobre-planejamento-atraves-do-processo-formativo-elaboracao-de-plano-de-acao\/","title":{"rendered":"PAULUS Social re\u00fane trabalhadores de S\u00e3o Paulo capital e interior para refletir sobre planejamento atrav\u00e9s do processo formativo &#8211; Elabora\u00e7\u00e3o de Plano de A\u00e7\u00e3o"},"content":{"rendered":"\n<p>Decorrente da parceria entre PAULUS Social e a Federa\u00e7\u00e3o Brasileira de Associa\u00e7\u00f5es Socioeducacionais de Adolescentes (FEBRAEDA), reuniram-se nos dias 25 e 26 de mar\u00e7o de 2025, trabalhadores atuantes nas diferentes esferas da pol\u00edtica de assist\u00eancia social, objetivando adquirir conhecimento t\u00e9cnico, pr\u00e1tico e metodol\u00f3gico a respeito do processo de planejamento e sua ferramenta \u2013 plano de a\u00e7\u00e3o, permitindo a instrumentaliza\u00e7\u00e3o na elabora\u00e7\u00e3o do respectivo instrumento.&nbsp;<\/p>\n\n\n\n<p>O encontro contou com a participa\u00e7\u00e3o de 44 profissionais e uma carga hor\u00e1ria de 16 horas distribu\u00eddas em dois dias consecutivos.&nbsp;<\/p>\n\n\n\n<p>Considerando que a organiza\u00e7\u00e3o do dia a dia \u00e9 um fator comum ao ser humano, podemos afirmar que, em maior ou menor grau, o planejamento \u00e9 um tema com o qual todas as pessoas possuem afinidade. Contudo, ao expandirmos este conceito \u00e0 implementa\u00e7\u00e3o de pol\u00edticas p\u00fablicas, este instrumento precisa ser submetido a um conjunto de normas e c\u00f3digos estabelecidos pelo regramento da administra\u00e7\u00e3o p\u00fablica. Desta forma, a mestra em servi\u00e7o social, Flaviana Mello, atrav\u00e9s de orienta\u00e7\u00f5es t\u00e9cnicas e metodol\u00f3gicas, articuladas com exemplos pr\u00e1ticos, e instrumentaliza\u00e7\u00e3o minuciosa, conduziu os participantes na elabora\u00e7\u00e3o de um plano de a\u00e7\u00e3o em grupo, possibilitando que os presentes disseminem em suas institui\u00e7\u00f5es o conhecimento adquirido, visando extrair resultados mais eficazes deste instrumental.&nbsp;<\/p>\n\n\n\n<p>Como caracter\u00edstica das atividades desenvolvidas pelo Programa de Assessoramento da PAULUS Social, esteve representando a institui\u00e7\u00e3o a analista de projetos sociais \u00c9rica Souto; tamb\u00e9m zelando pelo bom andamento da atividade estava a representante e assistente t\u00e9cnica da FEBRAEDA, Silvia Coviello.<\/p>\n\n\n\n<p>O Programa InovaSUAS qualifica trabalhadores do SUAS, conselheiros de assist\u00eancia social e de direitos, gestores, usu\u00e1rios e lideran\u00e7a representativas da rede socioassistencial com at\u00e9 360 horas de forma\u00e7\u00e3o para aprimorar as formas de gest\u00e3o, procedimentos e acessos a direitos sociais, utilizando pr\u00e1ticas inovadoras e conte\u00fados adequados \u00e0s realidades dos territ\u00f3rios. O programa mant\u00e9m tamb\u00e9m, em seu escopo de atua\u00e7\u00e3o metodol\u00f3gica, a produ\u00e7\u00e3o de estudos e a dissemina\u00e7\u00e3o de conte\u00fados de interesse do p\u00fablico da assist\u00eancia social.<\/p>\n","protected":false},"featured_media":9719,"template":"","tags":[],"class_list":["post-9718","noticias","type-noticias","status-publish","has-post-thumbnail","hentry"],"acf":[],"_links":{"self":[{"href":"https:\/\/www.paulus.com.br\/assistencia-social\/wp-json\/wp\/v2\/noticias\/9718","targetHints":{"allow":["GET"]}}],"collection":[{"href":"https:\/\/www.paulus.com.br\/assistencia-social\/wp-json\/wp\/v2\/noticias"}],"about":[{"href":"https:\/\/www.paulus.com.br\/assistencia-social\/wp-json\/wp\/v2\/types\/noticias"}],"wp:featuredmedia":[{"embeddable":true,"href":"https:\/\/www.paulus.com.br\/assistencia-social\/wp-json\/wp\/v2\/media\/9719"}],"wp:attachment":[{"href":"https:\/\/www.paulus.com.br\/assistencia-social\/wp-json\/wp\/v2\/media?parent=9718"}],"wp:term":[{"taxonomy":"post_tag","embeddable":true,"href":"https:\/\/www.paulus.com.br\/assistencia-social\/wp-json\/wp\/v2\/tags?post=9718"}],"curies":[{"name":"wp","href":"https:\/\/api.w.org\/{rel}","templated":true}]}}