{"id":9706,"date":"2025-04-09T15:50:12","date_gmt":"2025-04-09T18:50:12","guid":{"rendered":"https:\/\/www.paulus.com.br\/assistencia-social\/?post_type=noticias&#038;p=9706"},"modified":"2025-04-09T15:52:18","modified_gmt":"2025-04-09T18:52:18","slug":"paulus-social-debate-com-trabalhadoresas-do-suas-em-natal-rn-o-reordenamento-dos-scfv","status":"publish","type":"noticias","link":"https:\/\/www.paulus.com.br\/assistencia-social\/noticias\/paulus-social-debate-com-trabalhadoresas-do-suas-em-natal-rn-o-reordenamento-dos-scfv\/","title":{"rendered":"PAULUS Social debate com trabalhadores(as) do SUAS em Natal\/RN o reordenamento dos SCFV"},"content":{"rendered":"\n<p>Em parceria com a Funda\u00e7\u00e3o F\u00e9 e Alegria, a PAULUS Social reuniu-se com um grupo de trabalhadores(as) do SUAS de diversas cidades do entorno de Natal, no Rio Grande do Norte, durante os dias 1 e 2 de abril. O objetivo foi debater e aprimorar os vastos conhecimentos acerca da tem\u00e1tica sobre o reordenamento nos Servi\u00e7os de Conviv\u00eancia e Fortalecimento de V\u00ednculos&nbsp;(SCFV).<\/p>\n\n\n\n<p>O percurso formativo, com a finalidade principal de identificar e propor estrat\u00e9gias para o reordenamento dos SCFV, conseguiu situar os servi\u00e7os dentro de suas normativas e de acordo com as diretrizes da Pol\u00edtica Nacional da Assist\u00eancia Social (PNAS), aprofundando as reflex\u00f5es com rela\u00e7\u00e3o as atribui\u00e7\u00f5es profissionais e de atua\u00e7\u00e3o nos territ\u00f3rios atrav\u00e9s do reordenamento&nbsp;institucional.<\/p>\n\n\n\n<p>O grupo era composto por t\u00e9cnicos e gestores que atuam nos servi\u00e7os, bem como por equipes de CRAS e profissionais de secretarias municipais de assist\u00eancia social, que, ao longo dos dois dias, tiveram a oportunidade de expor suas ideias e seus conhecimentos acerca da tem\u00e1tica, contribuindo para um rico e provocativo debate, levantando de forma diligente as ang\u00fastias e inquieta\u00e7\u00f5es, al\u00e9m de ampliar sua rede de relacionamentos em torno de profissionais do&nbsp;SUAS&nbsp;no&nbsp;estado.<\/p>\n\n\n\n<p>O percurso formativo contou com a facilita\u00e7\u00e3o e media\u00e7\u00e3o da formadora Samara Xavier, graduada em Hist\u00f3ria pela UNESP e mestra em Servi\u00e7o Social pela PUC-SP, al\u00e9m de possuir ampla experi\u00eancia como trabalhadora e pesquisadora do SUAS.<\/p>\n\n\n\n<p>Representando o assessoramento da PAULUS Social, o analista de projetos sociais Andr\u00e9 Nascimento, pedagogo e especialista em pol\u00edticas p\u00fablicas, acompanhou in loco a forma\u00e7\u00e3o. Andr\u00e9 esteve presente em todas as etapas de prepara\u00e7\u00e3o e execu\u00e7\u00e3o do percurso formativo, garantindo que as diretrizes da PAULUS Social e da Pol\u00edtica de Assist\u00eancia Social fossem mantidas.<\/p>\n\n\n\n<p>O Programa InovaSUAS qualifica trabalhadores do SUAS, conselheiros de assist\u00eancia social e de direitos, gestores, usu\u00e1rios e lideran\u00e7as representativas da rede socioassistencial com at\u00e9 360 horas de forma\u00e7\u00e3o para aprimorar as formas de gest\u00e3o, procedimentos e acessos a direitos sociais, utilizando pr\u00e1ticas inovadoras e conte\u00fados adequados \u00e0s realidades dos territ\u00f3rios. O programa mant\u00e9m, em seu escopo de atua\u00e7\u00e3o metodol\u00f3gica, a produ\u00e7\u00e3o de estudos e a dissemina\u00e7\u00e3o de conte\u00fados de interesse do p\u00fablico da assist\u00eancia social.<\/p>\n","protected":false},"featured_media":9707,"template":"","tags":[],"class_list":["post-9706","noticias","type-noticias","status-publish","has-post-thumbnail","hentry"],"acf":[],"_links":{"self":[{"href":"https:\/\/www.paulus.com.br\/assistencia-social\/wp-json\/wp\/v2\/noticias\/9706","targetHints":{"allow":["GET"]}}],"collection":[{"href":"https:\/\/www.paulus.com.br\/assistencia-social\/wp-json\/wp\/v2\/noticias"}],"about":[{"href":"https:\/\/www.paulus.com.br\/assistencia-social\/wp-json\/wp\/v2\/types\/noticias"}],"wp:featuredmedia":[{"embeddable":true,"href":"https:\/\/www.paulus.com.br\/assistencia-social\/wp-json\/wp\/v2\/media\/9707"}],"wp:attachment":[{"href":"https:\/\/www.paulus.com.br\/assistencia-social\/wp-json\/wp\/v2\/media?parent=9706"}],"wp:term":[{"taxonomy":"post_tag","embeddable":true,"href":"https:\/\/www.paulus.com.br\/assistencia-social\/wp-json\/wp\/v2\/tags?post=9706"}],"curies":[{"name":"wp","href":"https:\/\/api.w.org\/{rel}","templated":true}]}}