{"id":9690,"date":"2025-04-04T17:19:47","date_gmt":"2025-04-04T20:19:47","guid":{"rendered":"https:\/\/www.paulus.com.br\/assistencia-social\/?post_type=noticias&#038;p=9690"},"modified":"2025-04-04T17:19:48","modified_gmt":"2025-04-04T20:19:48","slug":"adesao-macica-ao-processo-formativo-trabalho-social-com-familias-em-sao-paulo","status":"publish","type":"noticias","link":"https:\/\/www.paulus.com.br\/assistencia-social\/noticias\/adesao-macica-ao-processo-formativo-trabalho-social-com-familias-em-sao-paulo\/","title":{"rendered":"Ades\u00e3o maci\u00e7a ao processo formativo \u201cTrabalho social com fam\u00edlias\u201d em S\u00e3o Paulo"},"content":{"rendered":"\n<p>Em 25 e 26 de mar\u00e7o de 2025, o Programa de Assessoramento da PAULUS Social mobilizou trabalhadores do Sistema \u00danico de Assist\u00eancia Social (SUAS) por meio da parceria com a Secretaria Municipal de Assist\u00eancia e Desenvolvimento Social (SMADS), atrav\u00e9s do Espa\u00e7o P\u00fablico do Aprender Social (ESPASO), oportunizando qualifica\u00e7\u00e3o profissional de qualidade, especialmente por ter encontrado eco em um grupo que poderia ter como adjetivo&nbsp;a&nbsp;solidez.<\/p>\n\n\n\n<p>Em decorr\u00eancia de uma casualidade, excepcionalmente, 92 trabalhadores que atuam nas diferentes esferas da pol\u00edtica de assist\u00eancia social na cidade de S\u00e3o Paulo se reuniram na Faculdade PAULUS de Comunica\u00e7\u00e3o (FAPCOM), onde, por um per\u00edodo de 16 horas distribu\u00eddas igualmente em dois dias subsequentes, puderam avaliar, refletir e pensar conjuntamente o conceito e a execu\u00e7\u00e3o da matricialidade sociofamiliar na referida pol\u00edtica. Eles autoanalisaram suas interven\u00e7\u00f5es, com o objetivo de alinhar conceito e pr\u00e1tica, em prol de uma a\u00e7\u00e3o profissional eficaz e \u00e9tica no atendimento aos usu\u00e1rios.<\/p>\n\n\n\n<p>O Trabalho Social com Fam\u00edlias est\u00e1 fundamentado \u00e9tica e politicamente na Constitui\u00e7\u00e3o Federal de 1988, na Lei Org\u00e2nica da Assist\u00eancia Social (1993), na Pol\u00edtica Nacional de Assist\u00eancia Social (PNAS\/2004), entre outros. Sendo assim, considerando que um dos princ\u00edpios da PNAS \u00e9 a centralidade familiar, esta forma\u00e7\u00e3o objetivou qualificar a atua\u00e7\u00e3o dos profissionais do SUAS no enfrentamento do acirramento dos desafios gerados pelos riscos e vulnerabilidades sociais decorrentes da realidade brasileira.<\/p>\n\n\n\n<p>O tema foi mediado pela mestra Rosimeire Mantovan, assistente social e advogada, especialista em Direito Constitucional e em Gest\u00e3o da Pol\u00edtica P\u00fablica de Assist\u00eancia Social. Merece destaque a compet\u00eancia da formadora e o comprometimento dos participantes, que constru\u00edram um ambiente de ades\u00e3o integral, com debates \u00e9ticos e cr\u00edticos, sem dispers\u00e3o do in\u00edcio ao fim do processo formativo.<\/p>\n\n\n\n<p>Como caracter\u00edstica das atividades desenvolvidas pelo Programa de Assessoramento da PAULUS Social, esteve representando a institui\u00e7\u00e3o a analista de projetos sociais \u00c9rica Souto, que, com sua expertise e conhecimento sobre os programas da PAULUS Social, contribuiu para fortalecer a representatividade da institui\u00e7\u00e3o e garantir que as a\u00e7\u00f5es e objetivos do programa fossem bem apresentados e&nbsp;compreendidos.<\/p>\n\n\n\n<p>O Programa InovaSUAS qualifica trabalhadores do SUAS, conselheiros de assist\u00eancia social e de direitos, gestores, usu\u00e1rios e lideran\u00e7a representativas da rede socioassistencial com at\u00e9 360 horas de forma\u00e7\u00e3o para aprimorar as formas de gest\u00e3o, procedimentos e acessos a direitos sociais, utilizando pr\u00e1ticas inovadoras e conte\u00fados adequados \u00e0s realidades dos territ\u00f3rios. O programa mant\u00e9m tamb\u00e9m, em seu escopo de atua\u00e7\u00e3o metodol\u00f3gica, a produ\u00e7\u00e3o de estudos e a dissemina\u00e7\u00e3o de conte\u00fados de interesse do p\u00fablico da assist\u00eancia social.<\/p>\n","protected":false},"featured_media":9691,"template":"","tags":[],"class_list":["post-9690","noticias","type-noticias","status-publish","has-post-thumbnail","hentry"],"acf":[],"_links":{"self":[{"href":"https:\/\/www.paulus.com.br\/assistencia-social\/wp-json\/wp\/v2\/noticias\/9690","targetHints":{"allow":["GET"]}}],"collection":[{"href":"https:\/\/www.paulus.com.br\/assistencia-social\/wp-json\/wp\/v2\/noticias"}],"about":[{"href":"https:\/\/www.paulus.com.br\/assistencia-social\/wp-json\/wp\/v2\/types\/noticias"}],"wp:featuredmedia":[{"embeddable":true,"href":"https:\/\/www.paulus.com.br\/assistencia-social\/wp-json\/wp\/v2\/media\/9691"}],"wp:attachment":[{"href":"https:\/\/www.paulus.com.br\/assistencia-social\/wp-json\/wp\/v2\/media?parent=9690"}],"wp:term":[{"taxonomy":"post_tag","embeddable":true,"href":"https:\/\/www.paulus.com.br\/assistencia-social\/wp-json\/wp\/v2\/tags?post=9690"}],"curies":[{"name":"wp","href":"https:\/\/api.w.org\/{rel}","templated":true}]}}