{"id":9676,"date":"2025-04-04T16:37:05","date_gmt":"2025-04-04T19:37:05","guid":{"rendered":"https:\/\/www.paulus.com.br\/assistencia-social\/?post_type=noticias&#038;p=9676"},"modified":"2025-04-08T08:08:36","modified_gmt":"2025-04-08T11:08:36","slug":"centro-paulus-de-convivencia-cotia-envelhecimento-ativo","status":"publish","type":"noticias","link":"https:\/\/www.paulus.com.br\/assistencia-social\/noticias\/centro-paulus-de-convivencia-cotia-envelhecimento-ativo\/","title":{"rendered":"Centro PAULUS de Conviv\u00eancia \u2013 Cotia: Envelhecimento ativo"},"content":{"rendered":"\n<p>Como um dos objetivos do servi\u00e7o \u00e9 a contribui\u00e7\u00e3o para o envelhecimento ativo e saud\u00e1vel, movimentar-se \u00e9 essencial para alcan\u00e7ar tal proposta. E, por isso, s\u00e3o realizadas atividades f\u00edsicas, como alongamentos, caminhadas, yoga e dan\u00e7a com as pessoas idosas, visando \u00e0 manuten\u00e7\u00e3o da autonomia em realizar tarefas cotidianas e preven\u00e7\u00e3o de acidentes. \u00c9 sabido que promo\u00e7\u00e3o dos aspectos sociais, essenciais para o envelhecimento ativo, fortalece o bem-estar f\u00edsico, e vamos al\u00e9m, trabalhando aspectos emocionais tamb\u00e9m, evitando o isolamento social, garantindo a independ\u00eancia para ir e vir e fortalecendo la\u00e7os familiares e comunit\u00e1rios.<\/p>\n\n\n\n<figure class=\"wp-block-image size-full\"><a href=\"https:\/\/www.paulus.com.br\/assistencia-social\/wp-content\/uploads\/2025\/04\/716-x-444-2-1.jpg\"><img loading=\"lazy\" decoding=\"async\" width=\"716\" height=\"444\" src=\"https:\/\/www.paulus.com.br\/assistencia-social\/wp-content\/uploads\/2025\/04\/716-x-444-2-1.jpg\" alt=\"\" class=\"wp-image-9678\" srcset=\"https:\/\/www.paulus.com.br\/assistencia-social\/wp-content\/uploads\/2025\/04\/716-x-444-2-1.jpg 716w, https:\/\/www.paulus.com.br\/assistencia-social\/wp-content\/uploads\/2025\/04\/716-x-444-2-1-300x186.jpg 300w\" sizes=\"auto, (max-width: 716px) 100vw, 716px\" \/><\/a><\/figure>\n\n\n\n<p>Uma ida \u00e0 feira, por exemplo, exige esfor\u00e7os f\u00edsicos para a caminhada e para carregar as sacolas, que s\u00e3o trabalhados com o grupo de maneira prazerosa. Al\u00e9m do percurso elucidar a import\u00e2ncia da pr\u00e1tica em cada atividade, trabalhando a intencionalidade e promovendo o autocuidado e desenvolvimento de suas potencialidades.<\/p>\n\n\n\n<figure class=\"wp-block-image size-full\"><a href=\"https:\/\/www.paulus.com.br\/assistencia-social\/wp-content\/uploads\/2025\/04\/716-x-444-3-1.jpg\"><img loading=\"lazy\" decoding=\"async\" width=\"716\" height=\"444\" src=\"https:\/\/www.paulus.com.br\/assistencia-social\/wp-content\/uploads\/2025\/04\/716-x-444-3-1.jpg\" alt=\"\" class=\"wp-image-9679\" srcset=\"https:\/\/www.paulus.com.br\/assistencia-social\/wp-content\/uploads\/2025\/04\/716-x-444-3-1.jpg 716w, https:\/\/www.paulus.com.br\/assistencia-social\/wp-content\/uploads\/2025\/04\/716-x-444-3-1-300x186.jpg 300w\" sizes=\"auto, (max-width: 716px) 100vw, 716px\" \/><\/a><\/figure>\n\n\n\n<p>J\u00e1 \u00e9 poss\u00edvel observar a evolu\u00e7\u00e3o e disposi\u00e7\u00e3o dos atendidos, e h\u00e1 quem j\u00e1 possa aposentar a muleta, pois tem se fortalecido nesse processo. Os ganhos f\u00edsicos refletem nos sociais e emocionais, impactando diretamente nos objetivos de vida de cada assistido atrav\u00e9s de suas potencialidades, n\u00e3o apenas viver mais, mas viver melhor e em comunidade.<\/p>\n\n\n\n<p><\/p>\n","protected":false},"featured_media":9677,"template":"","tags":[],"class_list":["post-9676","noticias","type-noticias","status-publish","has-post-thumbnail","hentry"],"acf":[],"_links":{"self":[{"href":"https:\/\/www.paulus.com.br\/assistencia-social\/wp-json\/wp\/v2\/noticias\/9676","targetHints":{"allow":["GET"]}}],"collection":[{"href":"https:\/\/www.paulus.com.br\/assistencia-social\/wp-json\/wp\/v2\/noticias"}],"about":[{"href":"https:\/\/www.paulus.com.br\/assistencia-social\/wp-json\/wp\/v2\/types\/noticias"}],"wp:featuredmedia":[{"embeddable":true,"href":"https:\/\/www.paulus.com.br\/assistencia-social\/wp-json\/wp\/v2\/media\/9677"}],"wp:attachment":[{"href":"https:\/\/www.paulus.com.br\/assistencia-social\/wp-json\/wp\/v2\/media?parent=9676"}],"wp:term":[{"taxonomy":"post_tag","embeddable":true,"href":"https:\/\/www.paulus.com.br\/assistencia-social\/wp-json\/wp\/v2\/tags?post=9676"}],"curies":[{"name":"wp","href":"https:\/\/api.w.org\/{rel}","templated":true}]}}