{"id":9673,"date":"2025-04-04T16:13:56","date_gmt":"2025-04-04T19:13:56","guid":{"rendered":"https:\/\/www.paulus.com.br\/assistencia-social\/?post_type=noticias&#038;p=9673"},"modified":"2025-04-08T08:06:46","modified_gmt":"2025-04-08T11:06:46","slug":"centro-paulus-de-convivencia-osasco-onde-as-paredes-tem-ouvidos-e-olhos-tambem","status":"publish","type":"noticias","link":"https:\/\/www.paulus.com.br\/assistencia-social\/noticias\/centro-paulus-de-convivencia-osasco-onde-as-paredes-tem-ouvidos-e-olhos-tambem\/","title":{"rendered":"Centro PAULUS de Conviv\u00eancia \u2013 Osasco: Onde as paredes t\u00eam ouvidos \u2013 e olhos tamb\u00e9m"},"content":{"rendered":"\n<p>Uma das etapas mais importantes do Servi\u00e7o de Conviv\u00eancia e Fortalecimento de V\u00ednculos \u00e9 o monitoramento, fase em que s\u00e3o avaliadas e discutidas as a\u00e7\u00f5es que foram feitas nos \u00faltimos meses e os impactos, s\u00e3o levantadas as opini\u00f5es e sugest\u00f5es de crian\u00e7as, adolescentes e fam\u00edlias atendidas para que possamos pensar no que est\u00e1 sendo feito, o que faz sentido, o que deve ser ampliado e o que deve ser alterado.<\/p>\n\n\n\n<p>No m\u00eas de mar\u00e7o, as quatro equipes das unidades do Centro PAULUS de Conviv\u00eancia fizeram esse trabalho para sabermos o n\u00edvel de satisfa\u00e7\u00e3o do p\u00fablico atendido, como est\u00e3o as participa\u00e7\u00f5es e quais assuntos pensem que devam ser levados para o dia a dia.<\/p>\n\n\n\n<p>As \u00faltimas duas semanas de mar\u00e7o foram dedicadas ao processo de avalia\u00e7\u00e3o de satisfa\u00e7\u00e3o no Centro PAULUS de Conviv\u00eancia \u2013 Osasco. Aproveitamos o ensejo de uma brincadeira feita por uma das crian\u00e7as, que escreveu na parede sugest\u00f5es para o card\u00e1pio dos pr\u00f3ximos meses, e pedimos para que outras crian\u00e7as e adolescentes sugerissem algo no qual gostariam que tiv\u00e9ssemos no cotidiano das atividades. Somos ent\u00e3o surpreendidos com tanta criatividade e as paredes de ouvidos atentos escutavam sonhos e pertencimento:&nbsp;<\/p>\n\n\n\n<p>&nbsp;&nbsp;&nbsp;&nbsp;&nbsp;&#8212; Queremos um educador de sorvete!<\/p>\n\n\n\n<p>&nbsp;&nbsp;&nbsp;&nbsp;&nbsp;&#8212; Mais festas!<\/p>\n\n\n\n<p>&nbsp;&nbsp;&nbsp;&nbsp;&nbsp;&#8212; Mais tempo para brincar ao ar livre!<\/p>\n\n\n\n<p>&nbsp;&nbsp;&nbsp;&nbsp;&nbsp;&#8212; Campo e Parque.<\/p>\n\n\n\n<p>&nbsp;&nbsp;&nbsp;&nbsp;&nbsp;&#8212; Horta, e uma conviv\u00eancia purinha, sem agrot\u00f3xicos&#8230;<\/p>\n\n\n\n<p>&nbsp;&nbsp;&nbsp;&nbsp;&nbsp;&#8212; Piscina? Sim, para jogar pingue-pongue l\u00e1 dentro.&nbsp;<\/p>\n\n\n\n<p>&nbsp;&nbsp;&nbsp;&nbsp;&nbsp;&#8212; Poesia todas as sextas-feiras? N\u00e3o, poesia todo dia!<\/p>\n\n\n\n<p>Por fim, \u201cque todas as crian\u00e7as viessem pra c\u00e1\u201d e tivessem o direito de sonhar.<\/p>\n\n\n\n<p><\/p>\n","protected":false},"featured_media":9674,"template":"","tags":[],"class_list":["post-9673","noticias","type-noticias","status-publish","has-post-thumbnail","hentry"],"acf":[],"_links":{"self":[{"href":"https:\/\/www.paulus.com.br\/assistencia-social\/wp-json\/wp\/v2\/noticias\/9673","targetHints":{"allow":["GET"]}}],"collection":[{"href":"https:\/\/www.paulus.com.br\/assistencia-social\/wp-json\/wp\/v2\/noticias"}],"about":[{"href":"https:\/\/www.paulus.com.br\/assistencia-social\/wp-json\/wp\/v2\/types\/noticias"}],"wp:featuredmedia":[{"embeddable":true,"href":"https:\/\/www.paulus.com.br\/assistencia-social\/wp-json\/wp\/v2\/media\/9674"}],"wp:attachment":[{"href":"https:\/\/www.paulus.com.br\/assistencia-social\/wp-json\/wp\/v2\/media?parent=9673"}],"wp:term":[{"taxonomy":"post_tag","embeddable":true,"href":"https:\/\/www.paulus.com.br\/assistencia-social\/wp-json\/wp\/v2\/tags?post=9673"}],"curies":[{"name":"wp","href":"https:\/\/api.w.org\/{rel}","templated":true}]}}