{"id":9666,"date":"2025-04-04T16:02:52","date_gmt":"2025-04-04T19:02:52","guid":{"rendered":"https:\/\/www.paulus.com.br\/assistencia-social\/?post_type=noticias&#038;p=9666"},"modified":"2025-04-08T08:05:36","modified_gmt":"2025-04-08T11:05:36","slug":"cortejo-musical-nas-ruas-da-freguesia-do-o","status":"publish","type":"noticias","link":"https:\/\/www.paulus.com.br\/assistencia-social\/noticias\/cortejo-musical-nas-ruas-da-freguesia-do-o\/","title":{"rendered":"Cortejo musical nas ruas da Freguesia do \u00d3"},"content":{"rendered":"\n<p>Dando continuidade ao trabalho com as manifesta\u00e7\u00f5es populares, em mar\u00e7o foram realizados cortejos musicais pelo quarteir\u00e3o, cantando marchinhas de carnaval. As primeiras sa\u00eddas foram com as crian\u00e7as e adolescentes atendidas no Centro PAULUS de Conviv\u00eancia \u2013 Freguesia do \u00d3, al\u00e9m de pessoas da equipe, nos per\u00edodos da manh\u00e3 e da tarde. Muitos moradores sa\u00edram para ouvir e festejar junto das crian\u00e7as.<\/p>\n\n\n\n<figure class=\"wp-block-image size-full\"><a href=\"https:\/\/www.paulus.com.br\/assistencia-social\/wp-content\/uploads\/2025\/04\/716-x-444.jpg\"><img loading=\"lazy\" decoding=\"async\" width=\"716\" height=\"444\" src=\"https:\/\/www.paulus.com.br\/assistencia-social\/wp-content\/uploads\/2025\/04\/716-x-444.jpg\" alt=\"\" class=\"wp-image-9672\" srcset=\"https:\/\/www.paulus.com.br\/assistencia-social\/wp-content\/uploads\/2025\/04\/716-x-444.jpg 716w, https:\/\/www.paulus.com.br\/assistencia-social\/wp-content\/uploads\/2025\/04\/716-x-444-300x186.jpg 300w\" sizes=\"auto, (max-width: 716px) 100vw, 716px\" \/><\/a><\/figure>\n\n\n\n<p>Depois de mais um dia de ensaio, as fam\u00edlias foram convidadas para prestigiar as crian\u00e7as e adolescentes e participar desse momento. Com instrumentos em m\u00e3os, descemos a rua embalados pelo som e cantorias das crian\u00e7as, adolescentes e adultos, e subimos no ritmo dos instrumentos tocados pelos pais, m\u00e3es e av\u00f3s, que tamb\u00e9m tiraram muitas fotos.<\/p>\n\n\n\n<figure class=\"wp-block-image size-full\"><a href=\"https:\/\/www.paulus.com.br\/assistencia-social\/wp-content\/uploads\/2025\/04\/716-x-444-3.jpg\"><img loading=\"lazy\" decoding=\"async\" width=\"716\" height=\"444\" src=\"https:\/\/www.paulus.com.br\/assistencia-social\/wp-content\/uploads\/2025\/04\/716-x-444-3.jpg\" alt=\"\" class=\"wp-image-9669\" srcset=\"https:\/\/www.paulus.com.br\/assistencia-social\/wp-content\/uploads\/2025\/04\/716-x-444-3.jpg 716w, https:\/\/www.paulus.com.br\/assistencia-social\/wp-content\/uploads\/2025\/04\/716-x-444-3-300x186.jpg 300w\" sizes=\"auto, (max-width: 716px) 100vw, 716px\" \/><\/a><\/figure>\n\n\n\n<p>O dia foi encerrado com um bom caf\u00e9 da tarde, culminando os assuntos que foram trabalhados por tr\u00eas meses dentro do servi\u00e7o, e foi mais um exemplo das pr\u00e1ticas feitas para fortalecer os v\u00ednculos familiares e comunit\u00e1rios, al\u00e9m do desenvolvimento de v\u00e1rias compet\u00eancias e habilidades das crian\u00e7as e adolescentes, sempre oferecendo alternativas emancipat\u00f3rias para o enfrentamento de riscos e vulnerabilidades.<\/p>\n\n\n\n<figure class=\"wp-block-image size-full\"><a href=\"https:\/\/www.paulus.com.br\/assistencia-social\/wp-content\/uploads\/2025\/04\/716-x-444-2.jpg\"><img loading=\"lazy\" decoding=\"async\" width=\"716\" height=\"444\" src=\"https:\/\/www.paulus.com.br\/assistencia-social\/wp-content\/uploads\/2025\/04\/716-x-444-2.jpg\" alt=\"\" class=\"wp-image-9668\" srcset=\"https:\/\/www.paulus.com.br\/assistencia-social\/wp-content\/uploads\/2025\/04\/716-x-444-2.jpg 716w, https:\/\/www.paulus.com.br\/assistencia-social\/wp-content\/uploads\/2025\/04\/716-x-444-2-300x186.jpg 300w\" sizes=\"auto, (max-width: 716px) 100vw, 716px\" \/><\/a><\/figure>\n","protected":false},"featured_media":9667,"template":"","tags":[],"class_list":["post-9666","noticias","type-noticias","status-publish","has-post-thumbnail","hentry"],"acf":[],"_links":{"self":[{"href":"https:\/\/www.paulus.com.br\/assistencia-social\/wp-json\/wp\/v2\/noticias\/9666","targetHints":{"allow":["GET"]}}],"collection":[{"href":"https:\/\/www.paulus.com.br\/assistencia-social\/wp-json\/wp\/v2\/noticias"}],"about":[{"href":"https:\/\/www.paulus.com.br\/assistencia-social\/wp-json\/wp\/v2\/types\/noticias"}],"wp:featuredmedia":[{"embeddable":true,"href":"https:\/\/www.paulus.com.br\/assistencia-social\/wp-json\/wp\/v2\/media\/9667"}],"wp:attachment":[{"href":"https:\/\/www.paulus.com.br\/assistencia-social\/wp-json\/wp\/v2\/media?parent=9666"}],"wp:term":[{"taxonomy":"post_tag","embeddable":true,"href":"https:\/\/www.paulus.com.br\/assistencia-social\/wp-json\/wp\/v2\/tags?post=9666"}],"curies":[{"name":"wp","href":"https:\/\/api.w.org\/{rel}","templated":true}]}}