{"id":9660,"date":"2025-04-04T15:13:13","date_gmt":"2025-04-04T18:13:13","guid":{"rendered":"https:\/\/www.paulus.com.br\/assistencia-social\/?post_type=noticias&#038;p=9660"},"modified":"2025-04-08T08:16:55","modified_gmt":"2025-04-08T11:16:55","slug":"centro-paulus-de-convivencia-vila-mariana-criando-com-criatividade","status":"publish","type":"noticias","link":"https:\/\/www.paulus.com.br\/assistencia-social\/noticias\/centro-paulus-de-convivencia-vila-mariana-criando-com-criatividade\/","title":{"rendered":"Centro PAULUS de Conviv\u00eancia \u2013 Vila Mariana: Criando com criatividade"},"content":{"rendered":"\n<p>A cria\u00e7\u00e3o de conte\u00fado para o Laborat\u00f3rio de Criatividade movimentou o m\u00eas de mar\u00e7o do Centro PAULUS de Conviv\u00eancia \u2013 Vila Mariana. Com o apoio dos educadores sociais, os atendidos criaram a revista Gera\u00e7\u00e3o Criativa, um projeto que est\u00e1 sendo desenvolvido ao longo do atual percurso.<\/p>\n\n\n\n<figure class=\"wp-block-image size-full\"><a href=\"https:\/\/www.paulus.com.br\/assistencia-social\/wp-content\/uploads\/2025\/04\/716cpc-vila-mariana-4.png\"><img loading=\"lazy\" decoding=\"async\" width=\"716\" height=\"444\" src=\"https:\/\/www.paulus.com.br\/assistencia-social\/wp-content\/uploads\/2025\/04\/716cpc-vila-mariana-4.png\" alt=\"\" class=\"wp-image-9665\" srcset=\"https:\/\/www.paulus.com.br\/assistencia-social\/wp-content\/uploads\/2025\/04\/716cpc-vila-mariana-4.png 716w, https:\/\/www.paulus.com.br\/assistencia-social\/wp-content\/uploads\/2025\/04\/716cpc-vila-mariana-4-300x186.png 300w\" sizes=\"auto, (max-width: 716px) 100vw, 716px\" \/><\/a><\/figure>\n\n\n\n<p>A publica\u00e7\u00e3o de uma entrevista com jovens que foram atendidas no centro de conviv\u00eancia e hoje trabalham como jovens aprendizes na PAULUS, foi escolhida como uma das mat\u00e9rias para a revista, e teve como intuito mostrar o impacto que o atendimento pode ter na vida dos adolescentes e jovens, al\u00e9m de trazer perspectivas para o futuro.<\/p>\n\n\n\n<figure class=\"wp-block-image size-full\"><a href=\"https:\/\/www.paulus.com.br\/assistencia-social\/wp-content\/uploads\/2025\/04\/716cpc-vila-mariana-3.png\"><img loading=\"lazy\" decoding=\"async\" width=\"716\" height=\"444\" src=\"https:\/\/www.paulus.com.br\/assistencia-social\/wp-content\/uploads\/2025\/04\/716cpc-vila-mariana-3.png\" alt=\"\" class=\"wp-image-9664\" srcset=\"https:\/\/www.paulus.com.br\/assistencia-social\/wp-content\/uploads\/2025\/04\/716cpc-vila-mariana-3.png 716w, https:\/\/www.paulus.com.br\/assistencia-social\/wp-content\/uploads\/2025\/04\/716cpc-vila-mariana-3-300x186.png 300w\" sizes=\"auto, (max-width: 716px) 100vw, 716px\" \/><\/a><\/figure>\n\n\n\n<p>Os atuais adolescentes e jovens atendidos se organizaram para a condu\u00e7\u00e3o das entrevistas e o processo de filmagem, colocando na pr\u00e1tica as t\u00e9cnicas aprendidas com os educadores sociais. As entrevistas foram realizadas presencialmente no Centro PAULUS de Conviv\u00eancia \u2013 Freguesia do \u00d3 e na Livraria PAULUS Pra\u00e7a da S\u00e9, locais de trabalho das entrevistadas. Elas compartilharam aspectos ligados \u00e0 sua rotina de trabalho, como tamb\u00e9m abordaram o impacto positivo que o atendimento no Centro PAULUS de Conviv\u00eancia \u2013 Vila Mariana causou em suas vidas. O desenvolvimento de habilidades sociais, os v\u00ednculos com outros atendidos e a prepara\u00e7\u00e3o para o mundo do trabalho foram aspectos em comum abordados.<\/p>\n\n\n\n<figure class=\"wp-block-image size-full\"><a href=\"https:\/\/www.paulus.com.br\/assistencia-social\/wp-content\/uploads\/2025\/04\/716cpc-vila-mariana-1.png\"><img loading=\"lazy\" decoding=\"async\" width=\"716\" height=\"444\" src=\"https:\/\/www.paulus.com.br\/assistencia-social\/wp-content\/uploads\/2025\/04\/716cpc-vila-mariana-1.png\" alt=\"\" class=\"wp-image-9662\" srcset=\"https:\/\/www.paulus.com.br\/assistencia-social\/wp-content\/uploads\/2025\/04\/716cpc-vila-mariana-1.png 716w, https:\/\/www.paulus.com.br\/assistencia-social\/wp-content\/uploads\/2025\/04\/716cpc-vila-mariana-1-300x186.png 300w\" sizes=\"auto, (max-width: 716px) 100vw, 716px\" \/><\/a><\/figure>\n\n\n\n<p>O processo de cria\u00e7\u00e3o, desde a elabora\u00e7\u00e3o do roteiro at\u00e9 a grava\u00e7\u00e3o nos locais, estimulou nos adolescentes e jovens o desenvolvimento de potencialidades, habilidades e talentos, al\u00e9m de trabalhar a autonomia, a responsabilidade e o trabalho em equipe. Para quem reclama da nova gera\u00e7\u00e3o, temos \u00f3timos exemplos de adolescentes e jovens cheios de vontade, de energia e talento, buscando oportunidades de se desenvolverem. Os atendidos est\u00e3o realizando os ajustes finais para a publica\u00e7\u00e3o da revista, planejada para o m\u00eas de abril.<\/p>\n\n\n\n\n\n<p><\/p>\n","protected":false},"featured_media":9661,"template":"","tags":[],"class_list":["post-9660","noticias","type-noticias","status-publish","has-post-thumbnail","hentry"],"acf":[],"_links":{"self":[{"href":"https:\/\/www.paulus.com.br\/assistencia-social\/wp-json\/wp\/v2\/noticias\/9660","targetHints":{"allow":["GET"]}}],"collection":[{"href":"https:\/\/www.paulus.com.br\/assistencia-social\/wp-json\/wp\/v2\/noticias"}],"about":[{"href":"https:\/\/www.paulus.com.br\/assistencia-social\/wp-json\/wp\/v2\/types\/noticias"}],"wp:featuredmedia":[{"embeddable":true,"href":"https:\/\/www.paulus.com.br\/assistencia-social\/wp-json\/wp\/v2\/media\/9661"}],"wp:attachment":[{"href":"https:\/\/www.paulus.com.br\/assistencia-social\/wp-json\/wp\/v2\/media?parent=9660"}],"wp:term":[{"taxonomy":"post_tag","embeddable":true,"href":"https:\/\/www.paulus.com.br\/assistencia-social\/wp-json\/wp\/v2\/tags?post=9660"}],"curies":[{"name":"wp","href":"https:\/\/api.w.org\/{rel}","templated":true}]}}