{"id":9657,"date":"2025-04-03T10:38:00","date_gmt":"2025-04-03T13:38:00","guid":{"rendered":"https:\/\/www.paulus.com.br\/assistencia-social\/?post_type=noticias&#038;p=9657"},"modified":"2025-04-03T10:38:01","modified_gmt":"2025-04-03T13:38:01","slug":"pauluscast-destaca-o-trabalho-da-paulus-social","status":"publish","type":"noticias","link":"https:\/\/www.paulus.com.br\/assistencia-social\/noticias\/pauluscast-destaca-o-trabalho-da-paulus-social\/","title":{"rendered":"PAULUSCast destaca o trabalho da PAULUS Social"},"content":{"rendered":"\n<p>Al\u00e9m de promover a forma\u00e7\u00e3o integral das pessoas por meio dos livros, a PAULUS realiza um trabalho intenso voltado \u00e0 a\u00e7\u00e3o social em todo o Brasil.<\/p>\n\n\n\n<p>Esse trabalho \u00e9 destaque no&nbsp;epis\u00f3dio&nbsp;<strong>#90 do PAULUSCast<\/strong>, que conta com a participa\u00e7\u00e3o de Alessandro Tiezzi, coordenador da PAULUS Social.<\/p>\n\n\n\n<p><\/p>\n\n\n\n<figure class=\"wp-block-embed is-type-video is-provider-youtube wp-block-embed-youtube wp-embed-aspect-16-9 wp-has-aspect-ratio\"><div class=\"wp-block-embed__wrapper\">\n<iframe loading=\"lazy\" title=\"PAULUSCast 90 - PAULUS Social\" width=\"1130\" height=\"636\" src=\"https:\/\/www.youtube.com\/embed\/661H879HYKY?feature=oembed\" frameborder=\"0\" allow=\"accelerometer; autoplay; clipboard-write; encrypted-media; gyroscope; picture-in-picture; web-share\" referrerpolicy=\"strict-origin-when-cross-origin\" allowfullscreen><\/iframe>\n<\/div><\/figure>\n","protected":false},"featured_media":9658,"template":"","tags":[],"class_list":["post-9657","noticias","type-noticias","status-publish","has-post-thumbnail","hentry"],"acf":[],"_links":{"self":[{"href":"https:\/\/www.paulus.com.br\/assistencia-social\/wp-json\/wp\/v2\/noticias\/9657","targetHints":{"allow":["GET"]}}],"collection":[{"href":"https:\/\/www.paulus.com.br\/assistencia-social\/wp-json\/wp\/v2\/noticias"}],"about":[{"href":"https:\/\/www.paulus.com.br\/assistencia-social\/wp-json\/wp\/v2\/types\/noticias"}],"wp:featuredmedia":[{"embeddable":true,"href":"https:\/\/www.paulus.com.br\/assistencia-social\/wp-json\/wp\/v2\/media\/9658"}],"wp:attachment":[{"href":"https:\/\/www.paulus.com.br\/assistencia-social\/wp-json\/wp\/v2\/media?parent=9657"}],"wp:term":[{"taxonomy":"post_tag","embeddable":true,"href":"https:\/\/www.paulus.com.br\/assistencia-social\/wp-json\/wp\/v2\/tags?post=9657"}],"curies":[{"name":"wp","href":"https:\/\/api.w.org\/{rel}","templated":true}]}}