{"id":9651,"date":"2025-04-02T11:59:54","date_gmt":"2025-04-02T14:59:54","guid":{"rendered":"https:\/\/www.paulus.com.br\/assistencia-social\/?post_type=noticias&#038;p=9651"},"modified":"2025-04-02T11:59:55","modified_gmt":"2025-04-02T14:59:55","slug":"assessoramento-da-paulus-social-retorna-a-salvador-com-a-formacao-trabalho-social-com-familias","status":"publish","type":"noticias","link":"https:\/\/www.paulus.com.br\/assistencia-social\/noticias\/assessoramento-da-paulus-social-retorna-a-salvador-com-a-formacao-trabalho-social-com-familias\/","title":{"rendered":"Assessoramento da PAULUS Social retorna a Salvador com a forma\u00e7\u00e3o \u201cTrabalho social com fam\u00edlias\u201d"},"content":{"rendered":"\n<p>Nos dias 25 e 26 de mar\u00e7o de 2025, a capital baiana recebeu a forma\u00e7\u00e3o &#8220;Trabalho social com fam\u00edlias: perspectivas e possibilidades de interven\u00e7\u00e3o&#8221;, uma parceria entre a PAULUS Social e a Secretaria de Prote\u00e7\u00e3o Social, Combate \u00e0 Pobreza, Esporte e Lazer (SEMPRE), por meio do Programa InovaSUAS.&nbsp;<\/p>\n\n\n\n<p>Os encontros, com dura\u00e7\u00e3o de 8 horas cada, aconteceram no audit\u00f3rio da Livraria PAULUS e contaram com a participa\u00e7\u00e3o de 63 profissionais que atuam na rede direta, entre eles t\u00e9cnicas(os), supervisoras(es), coordenadoras(es) e gestoras(es) dos Centros de Refer\u00eancia da Assist\u00eancia Social- CRAS e Centros de Refer\u00eancia Especializado da Assist\u00eancia Social- CREAS.<\/p>\n\n\n\n<p>Os participantes puderam refletir sobre os conceitos fundamentais que norteiam o trabalho social com fam\u00edlias, repensar a sua pr\u00e1tica cotidiana, o fluxo de trabalho e a organiza\u00e7\u00e3o da equipe de acordo com as atribui\u00e7\u00f5es de cada cargo e compartilhar boas a\u00e7\u00f5es realizadas nos equipamentos, o que os estimulou a ter um olhar mais cr\u00edtico sobre as narrativas constru\u00eddas pelas equipes e seus impactos no cotidiano dos servi\u00e7os.&nbsp;<\/p>\n\n\n\n<p>Os encontros contaram com a facilita\u00e7\u00e3o de Kajali Lima Vitorio, que \u00e9 assistente social, doutoranda pela Universidade Estadual do Rio de Janeiro (UERJ) e mestra em Servi\u00e7o Social e Pol\u00edticas Sociais pela Universidade Federal de S\u00e3o Paulo (UNIFESP).&nbsp;<\/p>\n\n\n\n<p>Como representante da SEMPRE, acompanhou o processo formativo o historiador e assessor da ger\u00eancia de Gest\u00e3o do SUAS, Waldir Martins Barbosa.<\/p>\n\n\n\n<p>Como representante do assessoramento da PAULUS Social, esteve presente a analista de projetos sociais Anna Caroline Gama, especialista em Servi\u00e7o Social e Pol\u00edticas P\u00fablicas. A presen\u00e7a do analista acontece em todas as etapas de prepara\u00e7\u00e3o e execu\u00e7\u00e3o da forma\u00e7\u00e3o, para garantir que a oferta atenda \u00e0s diretrizes da PAULUS e da Pol\u00edtica de Assist\u00eancia Social &#8211; PNAS.<\/p>\n\n\n\n<p>A parceria entre a PAULUS Social e a SEMPRE reafirma o compromisso de ambas com a qualifica\u00e7\u00e3o dos profissionais da assist\u00eancia social, promovendo reflex\u00f5es fundamentais para o aprimoramento das interven\u00e7\u00f5es junto \u00e0s fam\u00edlias atendidas pela rede socioassistencial.<\/p>\n\n\n\n<p>O Programa InovaSUAS qualifica trabalhadores do SUAS, conselheiros de assist\u00eancia social e de direitos, gestores, usu\u00e1rios e lideran\u00e7as representativas da rede socioassistencial com at\u00e9 360 horas de forma\u00e7\u00e3o para aprimorar as formas de gest\u00e3o, procedimentos e acessos a direitos sociais, utilizando pr\u00e1ticas inovadoras e conte\u00fados adequados \u00e0s realidades dos territ\u00f3rios. O programa mant\u00e9m tamb\u00e9m, em seu escopo de atua\u00e7\u00e3o metodol\u00f3gica, a produ\u00e7\u00e3o de estudos e a dissemina\u00e7\u00e3o de conte\u00fados de interesse do p\u00fablico da assist\u00eancia social.<\/p>\n","protected":false},"featured_media":9652,"template":"","tags":[],"class_list":["post-9651","noticias","type-noticias","status-publish","has-post-thumbnail","hentry"],"acf":[],"_links":{"self":[{"href":"https:\/\/www.paulus.com.br\/assistencia-social\/wp-json\/wp\/v2\/noticias\/9651","targetHints":{"allow":["GET"]}}],"collection":[{"href":"https:\/\/www.paulus.com.br\/assistencia-social\/wp-json\/wp\/v2\/noticias"}],"about":[{"href":"https:\/\/www.paulus.com.br\/assistencia-social\/wp-json\/wp\/v2\/types\/noticias"}],"wp:featuredmedia":[{"embeddable":true,"href":"https:\/\/www.paulus.com.br\/assistencia-social\/wp-json\/wp\/v2\/media\/9652"}],"wp:attachment":[{"href":"https:\/\/www.paulus.com.br\/assistencia-social\/wp-json\/wp\/v2\/media?parent=9651"}],"wp:term":[{"taxonomy":"post_tag","embeddable":true,"href":"https:\/\/www.paulus.com.br\/assistencia-social\/wp-json\/wp\/v2\/tags?post=9651"}],"curies":[{"name":"wp","href":"https:\/\/api.w.org\/{rel}","templated":true}]}}