{"id":9633,"date":"2025-03-24T14:07:57","date_gmt":"2025-03-24T17:07:57","guid":{"rendered":"https:\/\/www.paulus.com.br\/assistencia-social\/?post_type=noticias&#038;p=9633"},"modified":"2025-03-24T14:07:58","modified_gmt":"2025-03-24T17:07:58","slug":"primeira-edicao-da-formacao-luta-antirracista-e-realizada-no-estado-de-pernambuco","status":"publish","type":"noticias","link":"https:\/\/www.paulus.com.br\/assistencia-social\/noticias\/primeira-edicao-da-formacao-luta-antirracista-e-realizada-no-estado-de-pernambuco\/","title":{"rendered":"Primeira edi\u00e7\u00e3o da forma\u00e7\u00e3o \u201cLuta Antirracista\u201d \u00e9 realizada no estado de Pernambuco"},"content":{"rendered":"\n<p>O programa de assessoramento da PAULUS Social, em parceria com a Escola de Forma\u00e7\u00e3o dos Trabalhadores do SUAS (ESFOSUAS\/PE), realizou nos dias 11 e 12 de mar\u00e7o de 2025 o processo formativo \u201cLuta Antirracista\u201d na Livraria PAULUS de Recife, situada no Recife Antigo, onde se encontram algumas das principais constru\u00e7\u00f5es hist\u00f3ricas da capital pernambucana.<\/p>\n\n\n\n<p>Com 16 horas de forma\u00e7\u00e3o, distribu\u00eddas igualit\u00e1ria e consecutivamente em dois dias, a forma\u00e7\u00e3o foi conduzida por Kajali Vitorio, assistente social, doutoranda, pesquisadora e facilitadora com \u00eanfase nas \u00e1reas de trabalho profissional, instrumentalidade e rela\u00e7\u00f5es \u00e9tnico-raciais.<\/p>\n\n\n\n<p>Os 46 participantes oriundos de variados servi\u00e7os da assist\u00eancia social, atuantes na regi\u00e3o metropolitana do Recife, foram desafiados a deixarem a zona de conforto e se debru\u00e7arem sobre a tem\u00e1tica em um ambiente dial\u00f3gico e reflexivo, onde a facilitadora fundamentou aspectos te\u00f3ricos, pol\u00edticos e legislativos da luta antirracista no Brasil.<\/p>\n\n\n\n<p>O processo formativo, vinculado ao Programa InovaSUAS, propiciou que os participantes identificassem como o racismo estrutura as rela\u00e7\u00f5es sociais no Brasil, impactando indiv\u00edduos, grupos e institui\u00e7\u00f5es. Ratificando que o racismo, em virtude de sua dimens\u00e3o estrutural, se reproduz hodiernamente, demarcando os lugares sociais dos grupos raciais, hierarquizando-os. Pautados na legisla\u00e7\u00e3o vigente de combate ao racismo, os presentes ponderaram sobre a urg\u00eancia de se construir estrat\u00e9gias de interven\u00e7\u00e3o, considerando as necessidades dos diferentes grupos atendidos pelo Sistema \u00danico de Assist\u00eancia Social (SUAS).<\/p>\n\n\n\n<p>Como caracter\u00edstica das atividades desenvolvidas pelo Programa de Assessoramento da PAULUS Social, estiveram representando a institui\u00e7\u00e3o: Mira Lopes, supervisora do programa, e a analista de projetos sociais \u00c9rica Souto; tamb\u00e9m zelando pelo bom andamento da atividade estavam as representantes da ESFOSUAS: Anna Carina e Raquel Fernandes.<\/p>\n\n\n\n<p>O Programa InovaSUAS qualifica trabalhadores do SUAS, conselheiros de assist\u00eancia social e de direitos, gestores, usu\u00e1rios e lideran\u00e7as representativas da rede socioassistencial com at\u00e9 360 horas de forma\u00e7\u00e3o para aprimorar as formas de gest\u00e3o, procedimentos e acessos a direitos sociais, utilizando pr\u00e1ticas inovadoras e conte\u00fados adequados \u00e0s realidades dos territ\u00f3rios. O programa mant\u00e9m tamb\u00e9m, em seu escopo de atua\u00e7\u00e3o metodol\u00f3gica, a produ\u00e7\u00e3o de estudos e a dissemina\u00e7\u00e3o de conte\u00fados de interesse do p\u00fablico da assist\u00eancia social.<\/p>\n","protected":false},"featured_media":9634,"template":"","tags":[],"class_list":["post-9633","noticias","type-noticias","status-publish","has-post-thumbnail","hentry"],"acf":[],"_links":{"self":[{"href":"https:\/\/www.paulus.com.br\/assistencia-social\/wp-json\/wp\/v2\/noticias\/9633","targetHints":{"allow":["GET"]}}],"collection":[{"href":"https:\/\/www.paulus.com.br\/assistencia-social\/wp-json\/wp\/v2\/noticias"}],"about":[{"href":"https:\/\/www.paulus.com.br\/assistencia-social\/wp-json\/wp\/v2\/types\/noticias"}],"wp:featuredmedia":[{"embeddable":true,"href":"https:\/\/www.paulus.com.br\/assistencia-social\/wp-json\/wp\/v2\/media\/9634"}],"wp:attachment":[{"href":"https:\/\/www.paulus.com.br\/assistencia-social\/wp-json\/wp\/v2\/media?parent=9633"}],"wp:term":[{"taxonomy":"post_tag","embeddable":true,"href":"https:\/\/www.paulus.com.br\/assistencia-social\/wp-json\/wp\/v2\/tags?post=9633"}],"curies":[{"name":"wp","href":"https:\/\/api.w.org\/{rel}","templated":true}]}}