{"id":9615,"date":"2025-03-20T12:29:00","date_gmt":"2025-03-20T15:29:00","guid":{"rendered":"https:\/\/www.paulus.com.br\/assistencia-social\/?post_type=noticias&#038;p=9615"},"modified":"2025-03-20T12:31:20","modified_gmt":"2025-03-20T15:31:20","slug":"formacao-planejamento-e-gestao-na-protecao-social-basica-promove-reflexoes-e-estrategias-para-qualificacao-da-rede-socioassistencial-de-campinas-sp","status":"publish","type":"noticias","link":"https:\/\/www.paulus.com.br\/assistencia-social\/noticias\/formacao-planejamento-e-gestao-na-protecao-social-basica-promove-reflexoes-e-estrategias-para-qualificacao-da-rede-socioassistencial-de-campinas-sp\/","title":{"rendered":"Forma\u00e7\u00e3o &#8220;Planejamento e Gest\u00e3o na Prote\u00e7\u00e3o Social B\u00e1sica&#8221; promove reflex\u00f5es e estrat\u00e9gias para qualifica\u00e7\u00e3o da rede socioassistencial de Campinas\/SP"},"content":{"rendered":"\n<p>Nos dias 13 e 14 de mar\u00e7o de 2025, aconteceu em Campinas a forma\u00e7\u00e3o &#8220;Planejamento e Gest\u00e3o na Prote\u00e7\u00e3o Social B\u00e1sica&#8221;, promovida pelo Assessoramento da PAULUS Social atrav\u00e9s do Programa InovaSUAS em parceria com a Secretaria Municipal de Desenvolvimento e de Assist\u00eancia Social. O encontro contou com a presen\u00e7a de 22 profissionais, entre eles coordenadoras(es) de CRAS e DAS e Diretoria da Prote\u00e7\u00e3o Social B\u00e1sica.<\/p>\n\n\n\n<p>Como j\u00e1 \u00e9 padr\u00e3o no munic\u00edpio, o percurso formativo foi realizado no audit\u00f3rio da livraria PAULUS, expressando o comprometimento da institui\u00e7\u00e3o em articular todas as suas \u00e1reas na dire\u00e7\u00e3o de qualificar sua atividade final\u00edstica.<\/p>\n\n\n\n<p>A forma\u00e7\u00e3o teve como foco a instrumentaliza\u00e7\u00e3o t\u00e9cnico-operativa dos trabalhadores do Sistema \u00danico de Assist\u00eancia Social (SUAS), com \u00eanfase no planejamento das a\u00e7\u00f5es do PAIF (Servi\u00e7o de Prote\u00e7\u00e3o e Atendimento Integral \u00e0s Fam\u00edlias), no fortalecimento do trabalho social com fam\u00edlias e no aprimoramento da gest\u00e3o territorial.<\/p>\n\n\n\n<p>Durante os dois dias de atividades, com carga hor\u00e1ria de oito horas cada, foram discutidas estrat\u00e9gias de trabalho com fam\u00edlias, metodologias para a\u00e7\u00f5es comunit\u00e1rias e a elabora\u00e7\u00e3o de planos de a\u00e7\u00e3o dentro dos equipamentos, considerando a realidade dos territ\u00f3rios e os desafios da Prote\u00e7\u00e3o Social B\u00e1sica neste munic\u00edpio que apresenta recortes de \u00e1rea rural e urbana. Al\u00e9m disso, abordou-se a intersetorialidade e a participa\u00e7\u00e3o social como elementos fundamentais para qualificar a rede socioassistencial.<\/p>\n\n\n\n<p>Os encontros foram conduzidos por Silvia Aline Silva Ferreira, assistente social, p\u00f3s-doutoranda em Servi\u00e7o Social pela UFPB, doutora em Geografia pela UNESP e mestra em Desenvolvimento Regional e Meio Ambiente pela UNOESTE. Com ampla experi\u00eancia na forma\u00e7\u00e3o de profissionais do SUAS, Silvia se destaca pelo conhecimento em planejamento e gest\u00e3o socioassistencial, contribuindo para a qualifica\u00e7\u00e3o dos servi\u00e7os da Prote\u00e7\u00e3o Social B\u00e1sica.<\/p>\n\n\n\n<p>Os participantes tamb\u00e9m tiveram a oportunidade de aprofundar conhecimentos sobre a utiliza\u00e7\u00e3o de dados do IBGE e do Cad\u00danico na identifica\u00e7\u00e3o das demandas dos territ\u00f3rios, sobre a import\u00e2ncia do di\u00e1logo com a vigil\u00e2ncia socioassistencial, permitindo assim um planejamento mais assertivo e eficiente. Com uma abordagem din\u00e2mica e interativa, a forma\u00e7\u00e3o combinou momentos expositivos e dialogados, com debates e estudos de caso, promovendo um espa\u00e7o de troca de experi\u00eancias e constru\u00e7\u00e3o coletiva do conhecimento.<\/p>\n\n\n\n<p>Representando o assessoramento da PAULUS Social, esteve acompanhando a forma\u00e7\u00e3o a analista de projetos sociais Anna Caroline Gama, especialista em Servi\u00e7o Social e Pol\u00edticas P\u00fablicas. Anna esteve presente em todas as etapas, desde a prepara\u00e7\u00e3o at\u00e9 a execu\u00e7\u00e3o do percurso, garantindo que a forma\u00e7\u00e3o atendesse \u00e0s diretrizes da PAULUS e da Pol\u00edtica de Assist\u00eancia Social.<\/p>\n\n\n\n<p>O Programa InovaSUAS qualifica trabalhadores do SUAS, conselheiros de assist\u00eancia social e de direitos, gestores, usu\u00e1rios e lideran\u00e7as representativas da rede socioassistencial com at\u00e9 360 horas de forma\u00e7\u00e3o para aprimorar as formas de gest\u00e3o, procedimentos e acessos a direitos sociais, utilizando pr\u00e1ticas inovadoras e conte\u00fados adequados \u00e0s realidades dos territ\u00f3rios. O programa mant\u00e9m tamb\u00e9m, em seu escopo de atua\u00e7\u00e3o metodol\u00f3gica, a produ\u00e7\u00e3o de estudos e a dissemina\u00e7\u00e3o de conte\u00fados de interesse do p\u00fablico da assist\u00eancia social.<\/p>\n","protected":false},"featured_media":9617,"template":"","tags":[],"class_list":["post-9615","noticias","type-noticias","status-publish","has-post-thumbnail","hentry"],"acf":[],"_links":{"self":[{"href":"https:\/\/www.paulus.com.br\/assistencia-social\/wp-json\/wp\/v2\/noticias\/9615","targetHints":{"allow":["GET"]}}],"collection":[{"href":"https:\/\/www.paulus.com.br\/assistencia-social\/wp-json\/wp\/v2\/noticias"}],"about":[{"href":"https:\/\/www.paulus.com.br\/assistencia-social\/wp-json\/wp\/v2\/types\/noticias"}],"wp:featuredmedia":[{"embeddable":true,"href":"https:\/\/www.paulus.com.br\/assistencia-social\/wp-json\/wp\/v2\/media\/9617"}],"wp:attachment":[{"href":"https:\/\/www.paulus.com.br\/assistencia-social\/wp-json\/wp\/v2\/media?parent=9615"}],"wp:term":[{"taxonomy":"post_tag","embeddable":true,"href":"https:\/\/www.paulus.com.br\/assistencia-social\/wp-json\/wp\/v2\/tags?post=9615"}],"curies":[{"name":"wp","href":"https:\/\/api.w.org\/{rel}","templated":true}]}}