{"id":9601,"date":"2025-03-19T09:44:14","date_gmt":"2025-03-19T12:44:14","guid":{"rendered":"https:\/\/www.paulus.com.br\/assistencia-social\/?post_type=noticias&#038;p=9601"},"modified":"2025-03-19T09:44:15","modified_gmt":"2025-03-19T12:44:15","slug":"em-juiz-de-fora-mg-paulus-social-propoe-debate-sobre-a-relacao-entre-paif-e-paefi","status":"publish","type":"noticias","link":"https:\/\/www.paulus.com.br\/assistencia-social\/noticias\/em-juiz-de-fora-mg-paulus-social-propoe-debate-sobre-a-relacao-entre-paif-e-paefi\/","title":{"rendered":"Em Juiz de Fora\/MG, PAULUS Social prop\u00f5e debate sobre a rela\u00e7\u00e3o entre PAIF e PAEFI"},"content":{"rendered":"\n<p>Em parceria com a Secretaria Municipal de Assist\u00eancia Social de Juiz de Fora\/MG, a PAULUS Social esteve durante os dias 11, 12 e 13 de mar\u00e7o, desenvolvendo mais um percurso formativo com os trabalhadores de n\u00edvel m\u00e9dio e os trabalhadores de n\u00edvel superior, ampliando o entendimento e o debate acerca da rela\u00e7\u00e3o entre o Servi\u00e7o de Prote\u00e7\u00e3o e Atendimento Integral \u00e0 Fam\u00edlia (PAIF) e o Servi\u00e7o de Prote\u00e7\u00e3o e Atendimento Especializado a Fam\u00edlias e Indiv\u00edduos (PAEFI).<\/p>\n\n\n\n<p>O percurso formativo teve como inten\u00e7\u00e3o subsidiar trabalhadores do Sistema \u00danico de Assist\u00eancia Social (SUAS) de Juiz de Fora na qualifica\u00e7\u00e3o do trabalho social com fam\u00edlias. Para tanto, foi realizada uma contextualiza\u00e7\u00e3o das atribui\u00e7\u00f5es dos servi\u00e7os, considerando todas as normativas e orienta\u00e7\u00f5es t\u00e9cnicas e conceituais do SUAS.<\/p>\n\n\n\n<p>A forma\u00e7\u00e3o se deu em dois momentos: inicialmente, nos dias 11 e 12, com os trabalhadores de n\u00edvel superior, onde t\u00e9cnicos e coordenadores dialogaram sobre estrat\u00e9gias para gerenciar o trabalho social com fam\u00edlias. J\u00e1 no dia 13, reunimos trabalhadores de n\u00edvel m\u00e9dio, abordando as principais refer\u00eancias e concep\u00e7\u00f5es do trabalho social com fam\u00edlias e observando as pr\u00e1ticas di\u00e1rias durante os&nbsp;atendimentos.<\/p>\n\n\n\n<p>Contamos com a facilita\u00e7\u00e3o e media\u00e7\u00e3o de Samara Xavier, graduada em Hist\u00f3ria pela UNESP e mestra em servi\u00e7o social pela PUC-SP, al\u00e9m de possuir ampla experi\u00eancia como trabalhadora e pesquisadora do SUAS.<\/p>\n\n\n\n<p>Representando o assessoramento da PAULUS Social, o analista de projetos sociais Andr\u00e9 Nascimento, pedagogo e especialista em pol\u00edticas p\u00fablicas, acompanhou in loco a forma\u00e7\u00e3o. Andr\u00e9 esteve presente em todas as etapas de prepara\u00e7\u00e3o e execu\u00e7\u00e3o do percurso formativo, garantindo que as diretrizes da PAULUS Social e da Pol\u00edtica de Assist\u00eancia Social fossem preservadas.<\/p>\n\n\n\n<p>O Programa InovaSUAS qualifica trabalhadores do SUAS, conselheiros de assist\u00eancia social e de direitos, gestores, usu\u00e1rios e lideran\u00e7as representativas da rede socioassistencial com at\u00e9 360 horas de forma\u00e7\u00e3o para aprimorar as formas de gest\u00e3o, procedimentos e acessos a direitos sociais, utilizando pr\u00e1ticas inovadoras e conte\u00fados adequados \u00e0s realidades dos territ\u00f3rios. O programa mant\u00e9m tamb\u00e9m, em seu escopo de atua\u00e7\u00e3o metodol\u00f3gica, a produ\u00e7\u00e3o de estudos e a dissemina\u00e7\u00e3o de conte\u00fados de interesse do p\u00fablico da assist\u00eancia social.<\/p>\n","protected":false},"featured_media":9602,"template":"","tags":[],"class_list":["post-9601","noticias","type-noticias","status-publish","has-post-thumbnail","hentry"],"acf":[],"_links":{"self":[{"href":"https:\/\/www.paulus.com.br\/assistencia-social\/wp-json\/wp\/v2\/noticias\/9601","targetHints":{"allow":["GET"]}}],"collection":[{"href":"https:\/\/www.paulus.com.br\/assistencia-social\/wp-json\/wp\/v2\/noticias"}],"about":[{"href":"https:\/\/www.paulus.com.br\/assistencia-social\/wp-json\/wp\/v2\/types\/noticias"}],"wp:featuredmedia":[{"embeddable":true,"href":"https:\/\/www.paulus.com.br\/assistencia-social\/wp-json\/wp\/v2\/media\/9602"}],"wp:attachment":[{"href":"https:\/\/www.paulus.com.br\/assistencia-social\/wp-json\/wp\/v2\/media?parent=9601"}],"wp:term":[{"taxonomy":"post_tag","embeddable":true,"href":"https:\/\/www.paulus.com.br\/assistencia-social\/wp-json\/wp\/v2\/tags?post=9601"}],"curies":[{"name":"wp","href":"https:\/\/api.w.org\/{rel}","templated":true}]}}