{"id":9589,"date":"2025-03-14T17:21:15","date_gmt":"2025-03-14T20:21:15","guid":{"rendered":"https:\/\/www.paulus.com.br\/assistencia-social\/?post_type=noticias&#038;p=9589"},"modified":"2025-03-14T17:21:16","modified_gmt":"2025-03-14T20:21:16","slug":"carnaval-de-historias-memorias-e-conexoes-no-centro-paulus-de-convivencia-cotia","status":"publish","type":"noticias","link":"https:\/\/www.paulus.com.br\/assistencia-social\/noticias\/carnaval-de-historias-memorias-e-conexoes-no-centro-paulus-de-convivencia-cotia\/","title":{"rendered":"Carnaval de Hist\u00f3rias: Mem\u00f3rias e Conex\u00f5es no Centro PAULUS de Conviv\u00eancia &#8211; Cotia"},"content":{"rendered":"\n<p>O ano de 2025 come\u00e7ou a todo vapor no Centro PAULUS de Conviv\u00eancia \u2013 Cotia, com o percurso \u201cMinha hist\u00f3ria, nossa hist\u00f3ria\u201d. Desde janeiro, o centro de conviv\u00eancia tem sido um espa\u00e7o onde os atendidos contam suas experi\u00eancias, constroem suas narrativas, suas hist\u00f3rias e, ao longo dos encontros, com bastante planejamento e empolga\u00e7\u00e3o, em fevereiro realizamos nosso baile de Carnaval!<\/p>\n\n\n\n<figure class=\"wp-block-image size-full\"><a href=\"https:\/\/www.paulus.com.br\/assistencia-social\/wp-content\/uploads\/2025\/03\/716minha-historia1.jpg\"><img loading=\"lazy\" decoding=\"async\" width=\"716\" height=\"444\" src=\"https:\/\/www.paulus.com.br\/assistencia-social\/wp-content\/uploads\/2025\/03\/716minha-historia1.jpg\" alt=\"\" class=\"wp-image-9594\" srcset=\"https:\/\/www.paulus.com.br\/assistencia-social\/wp-content\/uploads\/2025\/03\/716minha-historia1.jpg 716w, https:\/\/www.paulus.com.br\/assistencia-social\/wp-content\/uploads\/2025\/03\/716minha-historia1-300x186.jpg 300w\" sizes=\"auto, (max-width: 716px) 100vw, 716px\" \/><\/a><\/figure>\n\n\n\n<p>As pessoas idosas relembraram seus enredos, contaram suas hist\u00f3rias carnavalescas, e todos, juntos, fizeram a folia acontecer. Nos dias que antecediam a comemora\u00e7\u00e3o, a expectativa tomava conta do nosso espa\u00e7o, com todos falando e demonstrando interesse em mostrar, pela primeira vez no nosso servi\u00e7o, suas habilidades e a import\u00e2ncia daquele momento.<\/p>\n\n\n\n<figure class=\"wp-block-image size-full\"><a href=\"https:\/\/www.paulus.com.br\/assistencia-social\/wp-content\/uploads\/2025\/03\/716minha-historia2.jpg\"><img loading=\"lazy\" decoding=\"async\" width=\"716\" height=\"444\" src=\"https:\/\/www.paulus.com.br\/assistencia-social\/wp-content\/uploads\/2025\/03\/716minha-historia2.jpg\" alt=\"\" class=\"wp-image-9593\" srcset=\"https:\/\/www.paulus.com.br\/assistencia-social\/wp-content\/uploads\/2025\/03\/716minha-historia2.jpg 716w, https:\/\/www.paulus.com.br\/assistencia-social\/wp-content\/uploads\/2025\/03\/716minha-historia2-300x186.jpg 300w\" sizes=\"auto, (max-width: 716px) 100vw, 716px\" \/><\/a><\/figure>\n\n\n\n<p>J\u00e1 entre as crian\u00e7as e adolescentes, a tem\u00e1tica trouxe a oportunidade de falar sobre o universo cultural por tr\u00e1s da festa de rua e sua representatividade, al\u00e9m de explorar o l\u00fadico do universo carnavalesco. A festa comp\u00f5e a programa\u00e7\u00e3o intergeracional do Centro de Conviv\u00eancia e foi uma \u00f3tima oportunidade de intera\u00e7\u00e3o entre as pessoas de todas as faixas et\u00e1rias, abrindo caminho para o protagonismo, diversidade e pluralidade.<\/p>\n\n\n\n<figure class=\"wp-block-image size-full\"><a href=\"https:\/\/www.paulus.com.br\/assistencia-social\/wp-content\/uploads\/2025\/03\/716minha-historia4.jpg\"><img loading=\"lazy\" decoding=\"async\" width=\"716\" height=\"444\" src=\"https:\/\/www.paulus.com.br\/assistencia-social\/wp-content\/uploads\/2025\/03\/716minha-historia4.jpg\" alt=\"\" class=\"wp-image-9591\" srcset=\"https:\/\/www.paulus.com.br\/assistencia-social\/wp-content\/uploads\/2025\/03\/716minha-historia4.jpg 716w, https:\/\/www.paulus.com.br\/assistencia-social\/wp-content\/uploads\/2025\/03\/716minha-historia4-300x186.jpg 300w\" sizes=\"auto, (max-width: 716px) 100vw, 716px\" \/><\/a><\/figure>\n","protected":false},"featured_media":9590,"template":"","tags":[],"class_list":["post-9589","noticias","type-noticias","status-publish","has-post-thumbnail","hentry"],"acf":[],"_links":{"self":[{"href":"https:\/\/www.paulus.com.br\/assistencia-social\/wp-json\/wp\/v2\/noticias\/9589","targetHints":{"allow":["GET"]}}],"collection":[{"href":"https:\/\/www.paulus.com.br\/assistencia-social\/wp-json\/wp\/v2\/noticias"}],"about":[{"href":"https:\/\/www.paulus.com.br\/assistencia-social\/wp-json\/wp\/v2\/types\/noticias"}],"wp:featuredmedia":[{"embeddable":true,"href":"https:\/\/www.paulus.com.br\/assistencia-social\/wp-json\/wp\/v2\/media\/9590"}],"wp:attachment":[{"href":"https:\/\/www.paulus.com.br\/assistencia-social\/wp-json\/wp\/v2\/media?parent=9589"}],"wp:term":[{"taxonomy":"post_tag","embeddable":true,"href":"https:\/\/www.paulus.com.br\/assistencia-social\/wp-json\/wp\/v2\/tags?post=9589"}],"curies":[{"name":"wp","href":"https:\/\/api.w.org\/{rel}","templated":true}]}}