{"id":9583,"date":"2025-03-14T17:12:24","date_gmt":"2025-03-14T20:12:24","guid":{"rendered":"https:\/\/www.paulus.com.br\/assistencia-social\/?post_type=noticias&#038;p=9583"},"modified":"2025-03-14T17:12:24","modified_gmt":"2025-03-14T20:12:24","slug":"musica-e-danca-no-centro-paulus-de-convivencia-freguesia-do-o","status":"publish","type":"noticias","link":"https:\/\/www.paulus.com.br\/assistencia-social\/noticias\/musica-e-danca-no-centro-paulus-de-convivencia-freguesia-do-o\/","title":{"rendered":"M\u00fasica e dan\u00e7a no Centro PAULUS de Conviv\u00eancia \u2013 Freguesia do \u00d3"},"content":{"rendered":"\n<p>Valorizando as tradi\u00e7\u00f5es e as manifesta\u00e7\u00f5es populares, os educadores desenvolveram temas referentes \u00e0s festas carnavalescas. O momento \u00e9 prop\u00edcio para serem conversadas tradi\u00e7\u00f5es, m\u00fasicas, dan\u00e7as, vestimenta e, por que n\u00e3o, comidas.<\/p>\n\n\n\n<p>A partir do contato com a folia de reis e com o samba-reggae, as crian\u00e7as e os adolescentes constru\u00edram estandartes, cantaram, tocaram e dan\u00e7aram, terminando o m\u00eas em uma festa onde comemoraram os aniversariantes de fevereiro e brincaram o carnaval, com direito a confete e serpentina!<\/p>\n\n\n\n<p>Todos esses momentos s\u00e3o importantes, pois fazem parte da identidade cada pessoa, tanto das que gostam e aproveitam, quanto as que n\u00e3o possuem interesse e podem falar a respeito, sempre com respeito \u00e0s diversidades e pluralidades. E, mesmo quem diga n\u00e3o gostar das m\u00fasicas e\/ou dan\u00e7as, aproveitou para se vestirem de maneira diferente, com fantasias e apetrechos variados, mostrando que a conviv\u00eancia \u00e9 o que mais importa.<\/p>\n\n\n\n<figure class=\"wp-block-image size-full\"><a href=\"https:\/\/www.paulus.com.br\/assistencia-social\/wp-content\/uploads\/2025\/03\/716-musicadanca2.jpg\"><img loading=\"lazy\" decoding=\"async\" width=\"716\" height=\"444\" src=\"https:\/\/www.paulus.com.br\/assistencia-social\/wp-content\/uploads\/2025\/03\/716-musicadanca2.jpg\" alt=\"\" class=\"wp-image-9588\" srcset=\"https:\/\/www.paulus.com.br\/assistencia-social\/wp-content\/uploads\/2025\/03\/716-musicadanca2.jpg 716w, https:\/\/www.paulus.com.br\/assistencia-social\/wp-content\/uploads\/2025\/03\/716-musicadanca2-300x186.jpg 300w\" sizes=\"auto, (max-width: 716px) 100vw, 716px\" \/><\/a><\/figure>\n","protected":false},"featured_media":9587,"template":"","tags":[],"class_list":["post-9583","noticias","type-noticias","status-publish","has-post-thumbnail","hentry"],"acf":[],"_links":{"self":[{"href":"https:\/\/www.paulus.com.br\/assistencia-social\/wp-json\/wp\/v2\/noticias\/9583","targetHints":{"allow":["GET"]}}],"collection":[{"href":"https:\/\/www.paulus.com.br\/assistencia-social\/wp-json\/wp\/v2\/noticias"}],"about":[{"href":"https:\/\/www.paulus.com.br\/assistencia-social\/wp-json\/wp\/v2\/types\/noticias"}],"wp:featuredmedia":[{"embeddable":true,"href":"https:\/\/www.paulus.com.br\/assistencia-social\/wp-json\/wp\/v2\/media\/9587"}],"wp:attachment":[{"href":"https:\/\/www.paulus.com.br\/assistencia-social\/wp-json\/wp\/v2\/media?parent=9583"}],"wp:term":[{"taxonomy":"post_tag","embeddable":true,"href":"https:\/\/www.paulus.com.br\/assistencia-social\/wp-json\/wp\/v2\/tags?post=9583"}],"curies":[{"name":"wp","href":"https:\/\/api.w.org\/{rel}","templated":true}]}}