{"id":9580,"date":"2025-03-14T16:55:09","date_gmt":"2025-03-14T19:55:09","guid":{"rendered":"https:\/\/www.paulus.com.br\/assistencia-social\/?post_type=noticias&#038;p=9580"},"modified":"2025-03-14T16:55:10","modified_gmt":"2025-03-14T19:55:10","slug":"inicio-do-ano-inicio-dos-trabalhos","status":"publish","type":"noticias","link":"https:\/\/www.paulus.com.br\/assistencia-social\/noticias\/inicio-do-ano-inicio-dos-trabalhos\/","title":{"rendered":"In\u00edcio do ano, in\u00edcio dos trabalhos"},"content":{"rendered":"\n<p>Os educadores sociais do Centro PAULUS de Conviv\u00eancia \u2013 Vila Mariana apresentaram aos adolescentes e jovens atendidos a proposta do Laborat\u00f3rio de Criatividade. Visando integrar atividades do Servi\u00e7o de Conviv\u00eancia e Fortalecimento de V\u00ednculos relacionadas ao mundo do trabalho com o audiovisual, o Laborat\u00f3rio de Criatividade se prop\u00f5e a criar uma din\u00e2mica similar \u00e0 de uma produtora, na qual os participantes assumir\u00e3o responsabilidades espec\u00edficas, participando ativamente de todo o processo criativo.<\/p>\n\n\n\n<p>A atribui\u00e7\u00e3o das responsabilidades foi realizada atrav\u00e9s da simula\u00e7\u00e3o de um processo seletivo, em que os atendidos realizaram uma entrevista individual e uma prova pr\u00e1tica. A experi\u00eancia de participar de uma entrevista de emprego incentivou os atendidos a identificarem e compartilharem as pr\u00f3prias habilidades, em um exerc\u00edcio de autoconhecimento e express\u00e3o.<\/p>\n\n\n\n<p>Ao fim do processo foi realizada uma entrevista de devolutiva e admiss\u00e3o, al\u00e9m da assinatura de um contrato simb\u00f3lico, simbolizando o compromisso dos jovens e adolescentes com a proposta do percurso.<\/p>\n\n\n\n<p>Todas essas a\u00e7\u00f5es fortalecem o trabalho que \u00e9 feito para atingir os objetivos do servi\u00e7o: garantia de direitos, desenvolvimento do protagonismo, da comunica\u00e7\u00e3o, participa\u00e7\u00e3o cidad\u00e3, constru\u00e7\u00e3o e reconstru\u00e7\u00e3o de suas hist\u00f3rias e viv\u00eancias individuais e coletivas, oferecendo oportunidades diferentes e sempre com o respeito que todos merecem.<\/p>\n","protected":false},"featured_media":9581,"template":"","tags":[],"class_list":["post-9580","noticias","type-noticias","status-publish","has-post-thumbnail","hentry"],"acf":[],"_links":{"self":[{"href":"https:\/\/www.paulus.com.br\/assistencia-social\/wp-json\/wp\/v2\/noticias\/9580","targetHints":{"allow":["GET"]}}],"collection":[{"href":"https:\/\/www.paulus.com.br\/assistencia-social\/wp-json\/wp\/v2\/noticias"}],"about":[{"href":"https:\/\/www.paulus.com.br\/assistencia-social\/wp-json\/wp\/v2\/types\/noticias"}],"wp:featuredmedia":[{"embeddable":true,"href":"https:\/\/www.paulus.com.br\/assistencia-social\/wp-json\/wp\/v2\/media\/9581"}],"wp:attachment":[{"href":"https:\/\/www.paulus.com.br\/assistencia-social\/wp-json\/wp\/v2\/media?parent=9580"}],"wp:term":[{"taxonomy":"post_tag","embeddable":true,"href":"https:\/\/www.paulus.com.br\/assistencia-social\/wp-json\/wp\/v2\/tags?post=9580"}],"curies":[{"name":"wp","href":"https:\/\/api.w.org\/{rel}","templated":true}]}}