{"id":9573,"date":"2025-03-14T16:46:47","date_gmt":"2025-03-14T19:46:47","guid":{"rendered":"https:\/\/www.paulus.com.br\/assistencia-social\/?post_type=noticias&#038;p=9573"},"modified":"2025-03-14T16:46:47","modified_gmt":"2025-03-14T19:46:47","slug":"centro-paulus-de-convivencia-osasco-recebe-equipe-do-peti","status":"publish","type":"noticias","link":"https:\/\/www.paulus.com.br\/assistencia-social\/noticias\/centro-paulus-de-convivencia-osasco-recebe-equipe-do-peti\/","title":{"rendered":"Centro PAULUS de Conviv\u00eancia \u2013 Osasco recebe equipe do PETI"},"content":{"rendered":"\n<p>No dia 26 de fevereiro, pela manh\u00e3, foi feita uma roda de conversa com a equipe t\u00e9cnica do Programa de Erradica\u00e7\u00e3o do Trabalho Infantil (PETI), sobre o trabalho infantil sazonal, que \u00e9 uma forma de explora\u00e7\u00e3o do trabalho infantil e ocorre em per\u00edodos espec\u00edficos do ano, geralmente ligada \u00e0s f\u00e9rias escolares, a atividades agr\u00edcolas, colheitas, feiras, turismo, carnaval, ou outras demandas tempor\u00e1rias de m\u00e3o de obra.<\/p>\n\n\n\n<figure class=\"wp-block-image size-full\"><a href=\"https:\/\/www.paulus.com.br\/assistencia-social\/wp-content\/uploads\/2025\/03\/716Osasco-Release-PETI5jpg.jpg\"><img loading=\"lazy\" decoding=\"async\" width=\"716\" height=\"444\" src=\"https:\/\/www.paulus.com.br\/assistencia-social\/wp-content\/uploads\/2025\/03\/716Osasco-Release-PETI5jpg.jpg\" alt=\"\" class=\"wp-image-9575\" srcset=\"https:\/\/www.paulus.com.br\/assistencia-social\/wp-content\/uploads\/2025\/03\/716Osasco-Release-PETI5jpg.jpg 716w, https:\/\/www.paulus.com.br\/assistencia-social\/wp-content\/uploads\/2025\/03\/716Osasco-Release-PETI5jpg-300x186.jpg 300w\" sizes=\"auto, (max-width: 716px) 100vw, 716px\" \/><\/a><\/figure>\n\n\n\n<p>A conversa foi muito rica e contou com a participa\u00e7\u00e3o e muitas perguntas de crian\u00e7as, adolescentes e fam\u00edlias, al\u00e9m da pr\u00f3pria equipe de atendimento do Centro PAULUS de Conviv\u00eancia, j\u00e1 que o tema \u00e9 de interesse e import\u00e2ncia para todos.<\/p>\n\n\n\n<figure class=\"wp-block-image size-full\"><a href=\"https:\/\/www.paulus.com.br\/assistencia-social\/wp-content\/uploads\/2025\/03\/716Osasco-Release-PETI4jpg.jpg\"><img loading=\"lazy\" decoding=\"async\" width=\"716\" height=\"444\" src=\"https:\/\/www.paulus.com.br\/assistencia-social\/wp-content\/uploads\/2025\/03\/716Osasco-Release-PETI4jpg.jpg\" alt=\"\" class=\"wp-image-9576\" srcset=\"https:\/\/www.paulus.com.br\/assistencia-social\/wp-content\/uploads\/2025\/03\/716Osasco-Release-PETI4jpg.jpg 716w, https:\/\/www.paulus.com.br\/assistencia-social\/wp-content\/uploads\/2025\/03\/716Osasco-Release-PETI4jpg-300x186.jpg 300w\" sizes=\"auto, (max-width: 716px) 100vw, 716px\" \/><\/a><\/figure>\n\n\n\n<p>Na sequ\u00eancia foi feito um Cortejo*, intitulado \u201cO Carnaval e o Trabalho Infantil Sazonal\u201d. A participa\u00e7\u00e3o dos atendidos, das fam\u00edlias, da equipe t\u00e9cnica do CRAS 1\u00b0 de Maio e da equipe do Centro de Conviv\u00eancia cativaram os moradores do bairro do Jardim Santa Maria com cantoria, cartazes e cataventos anunciando a defesa e garantia de direitos de todos.<\/p>\n\n\n\n<p>*Cortejo: Um grupo de pessoas que caminha e se manifesta de maneira organizada.<\/p>\n\n\n\n<figure class=\"wp-block-image size-full\"><a href=\"https:\/\/www.paulus.com.br\/assistencia-social\/wp-content\/uploads\/2025\/03\/716Osasco-Release-PETI1jpg.jpg\"><img loading=\"lazy\" decoding=\"async\" width=\"716\" height=\"444\" src=\"https:\/\/www.paulus.com.br\/assistencia-social\/wp-content\/uploads\/2025\/03\/716Osasco-Release-PETI1jpg.jpg\" alt=\"\" class=\"wp-image-9579\" srcset=\"https:\/\/www.paulus.com.br\/assistencia-social\/wp-content\/uploads\/2025\/03\/716Osasco-Release-PETI1jpg.jpg 716w, https:\/\/www.paulus.com.br\/assistencia-social\/wp-content\/uploads\/2025\/03\/716Osasco-Release-PETI1jpg-300x186.jpg 300w\" sizes=\"auto, (max-width: 716px) 100vw, 716px\" \/><\/a><\/figure>\n","protected":false},"featured_media":9574,"template":"","tags":[],"class_list":["post-9573","noticias","type-noticias","status-publish","has-post-thumbnail","hentry"],"acf":[],"_links":{"self":[{"href":"https:\/\/www.paulus.com.br\/assistencia-social\/wp-json\/wp\/v2\/noticias\/9573","targetHints":{"allow":["GET"]}}],"collection":[{"href":"https:\/\/www.paulus.com.br\/assistencia-social\/wp-json\/wp\/v2\/noticias"}],"about":[{"href":"https:\/\/www.paulus.com.br\/assistencia-social\/wp-json\/wp\/v2\/types\/noticias"}],"wp:featuredmedia":[{"embeddable":true,"href":"https:\/\/www.paulus.com.br\/assistencia-social\/wp-json\/wp\/v2\/media\/9574"}],"wp:attachment":[{"href":"https:\/\/www.paulus.com.br\/assistencia-social\/wp-json\/wp\/v2\/media?parent=9573"}],"wp:term":[{"taxonomy":"post_tag","embeddable":true,"href":"https:\/\/www.paulus.com.br\/assistencia-social\/wp-json\/wp\/v2\/tags?post=9573"}],"curies":[{"name":"wp","href":"https:\/\/api.w.org\/{rel}","templated":true}]}}