{"id":9567,"date":"2025-03-14T16:38:55","date_gmt":"2025-03-14T19:38:55","guid":{"rendered":"https:\/\/www.paulus.com.br\/assistencia-social\/?post_type=noticias&#038;p=9567"},"modified":"2025-03-14T16:38:56","modified_gmt":"2025-03-14T19:38:56","slug":"poesia-e-convivencia","status":"publish","type":"noticias","link":"https:\/\/www.paulus.com.br\/assistencia-social\/noticias\/poesia-e-convivencia\/","title":{"rendered":"Poesia e conviv\u00eancia"},"content":{"rendered":"\n<p>No primeiro trimestre de 2025, dentro do percurso \u201cAutocuidado: Sa\u00fade Mental\u201d, tivemos a alegria de promover viv\u00eancias transformadoras por meio da poesia.<\/p>\n\n\n\n<p>No dia 17 de fevereiro, recebemos os poetas Luc\u00e3o e CJ pela manh\u00e3, e Nika e Kau\u00ea \u00e0 tarde, que trouxeram reflex\u00f5es sobre como a poesia pode ser uma grande aliada para o nosso bem-estar. Entre bate-papos e trocas cheias de significado, as crian\u00e7as e adolescentes foram convidadas a escrever as pr\u00f3prias poesias e compartilhar sentimentos, fortalecendo a express\u00e3o, a escuta e o cuidado de si e do outro.&nbsp;<\/p>\n\n\n\n<figure class=\"wp-block-image size-full\"><a href=\"https:\/\/www.paulus.com.br\/assistencia-social\/wp-content\/uploads\/2025\/03\/716Osasco-Release-Poesia-01.jpg\"><img loading=\"lazy\" decoding=\"async\" width=\"716\" height=\"444\" src=\"https:\/\/www.paulus.com.br\/assistencia-social\/wp-content\/uploads\/2025\/03\/716Osasco-Release-Poesia-01.jpg\" alt=\"\" class=\"wp-image-9572\" srcset=\"https:\/\/www.paulus.com.br\/assistencia-social\/wp-content\/uploads\/2025\/03\/716Osasco-Release-Poesia-01.jpg 716w, https:\/\/www.paulus.com.br\/assistencia-social\/wp-content\/uploads\/2025\/03\/716Osasco-Release-Poesia-01-300x186.jpg 300w\" sizes=\"auto, (max-width: 716px) 100vw, 716px\" \/><\/a><\/figure>\n\n\n\n<p>E a poesia continuou ecoando. Na quinta-feira, 27 de fevereiro, demos continuidade a essa experi\u00eancia po\u00e9tica com momentos de muita inspira\u00e7\u00e3o. Tivemos a honra de receber novamente o Luc\u00e3o, que improvisou versos com as crian\u00e7as e compartilhou um de seus poemas, e Thiago, que trouxe sua arte e encantou a todos. Al\u00e9m deles, a pr\u00f3pria equipe de atendimento do Centro de Conviv\u00eancia tamb\u00e9m entrou na roda e emocionaram com suas palavras.&nbsp;<\/p>\n\n\n\n<figure class=\"wp-block-image size-full\"><a href=\"https:\/\/www.paulus.com.br\/assistencia-social\/wp-content\/uploads\/2025\/03\/716Osasco-Release-Poesia-02.jpg\"><img loading=\"lazy\" decoding=\"async\" width=\"716\" height=\"444\" src=\"https:\/\/www.paulus.com.br\/assistencia-social\/wp-content\/uploads\/2025\/03\/716Osasco-Release-Poesia-02.jpg\" alt=\"\" class=\"wp-image-9571\" srcset=\"https:\/\/www.paulus.com.br\/assistencia-social\/wp-content\/uploads\/2025\/03\/716Osasco-Release-Poesia-02.jpg 716w, https:\/\/www.paulus.com.br\/assistencia-social\/wp-content\/uploads\/2025\/03\/716Osasco-Release-Poesia-02-300x186.jpg 300w\" sizes=\"auto, (max-width: 716px) 100vw, 716px\" \/><\/a><\/figure>\n\n\n\n<p>Mas os grandes destaques foram as crian\u00e7as: pela manh\u00e3 e \u00e0 tarde, crian\u00e7as e adolescentes encantaram o p\u00fablico com suas palavras. Foi lindo ver cada voz ganhando espa\u00e7o e tornando o dia ainda mais especial.&nbsp;<\/p>\n\n\n\n<p>Como grande fechamento, foi feito um Sarau, em que os poetas convidados e os participantes tiveram a oportunidade de entrar na roda e dar voz \u00e0s suas hist\u00f3rias. Um momento incr\u00edvel de celebra\u00e7\u00e3o da arte e da pot\u00eancia de cada um.&nbsp; Essas viv\u00eancias reafirmaram algo muito especial: a poesia \u00e9 resist\u00eancia, express\u00e3o e uma forma poderosa de conex\u00e3o com o mundo e com n\u00f3s mesmos.<\/p>\n\n\n\n<figure class=\"wp-block-image size-full\"><a href=\"https:\/\/www.paulus.com.br\/assistencia-social\/wp-content\/uploads\/2025\/03\/716Osasco-Release-Poesia-03.jpg\"><img loading=\"lazy\" decoding=\"async\" width=\"716\" height=\"444\" src=\"https:\/\/www.paulus.com.br\/assistencia-social\/wp-content\/uploads\/2025\/03\/716Osasco-Release-Poesia-03.jpg\" alt=\"\" class=\"wp-image-9570\" srcset=\"https:\/\/www.paulus.com.br\/assistencia-social\/wp-content\/uploads\/2025\/03\/716Osasco-Release-Poesia-03.jpg 716w, https:\/\/www.paulus.com.br\/assistencia-social\/wp-content\/uploads\/2025\/03\/716Osasco-Release-Poesia-03-300x186.jpg 300w\" sizes=\"auto, (max-width: 716px) 100vw, 716px\" \/><\/a><\/figure>\n","protected":false},"featured_media":9568,"template":"","tags":[],"class_list":["post-9567","noticias","type-noticias","status-publish","has-post-thumbnail","hentry"],"acf":[],"_links":{"self":[{"href":"https:\/\/www.paulus.com.br\/assistencia-social\/wp-json\/wp\/v2\/noticias\/9567","targetHints":{"allow":["GET"]}}],"collection":[{"href":"https:\/\/www.paulus.com.br\/assistencia-social\/wp-json\/wp\/v2\/noticias"}],"about":[{"href":"https:\/\/www.paulus.com.br\/assistencia-social\/wp-json\/wp\/v2\/types\/noticias"}],"wp:featuredmedia":[{"embeddable":true,"href":"https:\/\/www.paulus.com.br\/assistencia-social\/wp-json\/wp\/v2\/media\/9568"}],"wp:attachment":[{"href":"https:\/\/www.paulus.com.br\/assistencia-social\/wp-json\/wp\/v2\/media?parent=9567"}],"wp:term":[{"taxonomy":"post_tag","embeddable":true,"href":"https:\/\/www.paulus.com.br\/assistencia-social\/wp-json\/wp\/v2\/tags?post=9567"}],"curies":[{"name":"wp","href":"https:\/\/api.w.org\/{rel}","templated":true}]}}