{"id":9556,"date":"2025-03-14T17:21:49","date_gmt":"2025-03-14T20:21:49","guid":{"rendered":"https:\/\/www.paulus.com.br\/assistencia-social\/?post_type=noticias&#038;p=9556"},"modified":"2025-03-14T17:21:50","modified_gmt":"2025-03-14T20:21:50","slug":"paulus-social-disponibiliza-arquivos-epub-de-livros-do-programa-direito-e-cidadania-2024","status":"publish","type":"noticias","link":"https:\/\/www.paulus.com.br\/assistencia-social\/noticias\/paulus-social-disponibiliza-arquivos-epub-de-livros-do-programa-direito-e-cidadania-2024\/","title":{"rendered":"PAULUS Social disponibiliza arquivos ePub de livros do Programa Direito e Cidadania 2024"},"content":{"rendered":"\n<p>A PAULUS Social acaba de disponibilizar gratuitamente os arquivos em formato ePub de quatro livros que integraram o kit do Programa Direito e Cidadania (PDEC) em 2024. As obras s\u00e3o: &#8220;Por onde andar\u00e1 Andiara?&#8221;, de Andrea Taubman; &#8220;O c\u00e9u do sert\u00e3o \u00e9 seu&#8221;, de Ninfa Parreiras; &#8220;As ruas de Vila Esperan\u00e7a&#8221;, de Manuel Filho; e &#8220;Vida&#8221;, de Maria Gon\u00e7alvez.<\/p>\n\n\n\n<p>Os t\u00edtulos foram distribu\u00eddos em formato f\u00edsico, em cerca de 150 mil kits por todo o territ\u00f3rio nacional, com o apoio anal\u00edtico e log\u00edstico de nossas parcerias estrat\u00e9gicas, alcan\u00e7ando trabalhadores e usu\u00e1rios dos Servi\u00e7os de Conviv\u00eancia e Fortalecimento de V\u00ednculos (SCFV) de norte a sul do Brasil.<\/p>\n\n\n\n<p>Desde 2024, a PAULUS Social tem disponibilizado os arquivos ePub para download em seu site, oferecendo uma alternativa acess\u00edvel para o p\u00fablico dos servi\u00e7os socioassistenciais e para toda a sociedade, de modo geral. Com essa iniciativa, busca-se ampliar o acesso ao conte\u00fado, permitindo que mais pessoas possam usufruir dessas obras de forma digital.<\/p>\n\n\n\n<p>O Programa Direito e Cidadania qualifica orientadores e educadores sociais de Servi\u00e7os de Conviv\u00eancia e Fortalecimento de V\u00ednculos do SUAS em todo o Brasil, por meio de processos formativos baseados em diagn\u00f3sticos territoriais realizados em parceria com CMAS, secretarias de assist\u00eancia social e organiza\u00e7\u00f5es sociais, tendo como elemento facilitador o kit de livros da PAULUS, exclusivamente elaborado para essa&nbsp;finalidade.<\/p>\n\n\n\n<p>Para mais informa\u00e7\u00f5es e acesso aos livros, visite o site da <a href=\"https:\/\/www.paulus.com.br\/assistencia-social\/kit\/programa\/direito-cidadania\/?select-year=2024\">PAULUS Social<\/a>.<\/p>\n\n\n\n<figure class=\"wp-block-image size-full\"><a href=\"https:\/\/www.paulus.com.br\/assistencia-social\/kit\/programa\/direito-cidadania\/?select-year=2024\"><img loading=\"lazy\" decoding=\"async\" width=\"716\" height=\"444\" src=\"https:\/\/www.paulus.com.br\/assistencia-social\/wp-content\/uploads\/2025\/03\/1post-wordpress-2.jpg\" alt=\"\" class=\"wp-image-9563\" srcset=\"https:\/\/www.paulus.com.br\/assistencia-social\/wp-content\/uploads\/2025\/03\/1post-wordpress-2.jpg 716w, https:\/\/www.paulus.com.br\/assistencia-social\/wp-content\/uploads\/2025\/03\/1post-wordpress-2-300x186.jpg 300w\" sizes=\"auto, (max-width: 716px) 100vw, 716px\" \/><\/a><\/figure>\n\n\n\n<figure class=\"wp-block-image size-full\"><a href=\"https:\/\/www.paulus.com.br\/assistencia-social\/kit\/programa\/direito-cidadania\/?select-year=2024\"><img loading=\"lazy\" decoding=\"async\" width=\"716\" height=\"444\" src=\"https:\/\/www.paulus.com.br\/assistencia-social\/wp-content\/uploads\/2025\/03\/1post-wordpress-3.jpg\" alt=\"\" class=\"wp-image-9564\" srcset=\"https:\/\/www.paulus.com.br\/assistencia-social\/wp-content\/uploads\/2025\/03\/1post-wordpress-3.jpg 716w, https:\/\/www.paulus.com.br\/assistencia-social\/wp-content\/uploads\/2025\/03\/1post-wordpress-3-300x186.jpg 300w\" sizes=\"auto, (max-width: 716px) 100vw, 716px\" \/><\/a><\/figure>\n\n\n\n<figure class=\"wp-block-image size-full\"><a href=\"https:\/\/www.paulus.com.br\/assistencia-social\/kit\/programa\/direito-cidadania\/?select-year=2024\"><img loading=\"lazy\" decoding=\"async\" width=\"716\" height=\"444\" src=\"https:\/\/www.paulus.com.br\/assistencia-social\/wp-content\/uploads\/2025\/03\/1post-wordpress-4.jpg\" alt=\"\" class=\"wp-image-9565\" srcset=\"https:\/\/www.paulus.com.br\/assistencia-social\/wp-content\/uploads\/2025\/03\/1post-wordpress-4.jpg 716w, https:\/\/www.paulus.com.br\/assistencia-social\/wp-content\/uploads\/2025\/03\/1post-wordpress-4-300x186.jpg 300w\" sizes=\"auto, (max-width: 716px) 100vw, 716px\" \/><\/a><\/figure>\n\n\n\n<figure class=\"wp-block-image size-full\"><a href=\"https:\/\/www.paulus.com.br\/assistencia-social\/kit\/programa\/direito-cidadania\/?select-year=2024\"><img loading=\"lazy\" decoding=\"async\" width=\"716\" height=\"444\" src=\"https:\/\/www.paulus.com.br\/assistencia-social\/wp-content\/uploads\/2025\/03\/1post-wordpress-5.jpg\" alt=\"\" class=\"wp-image-9566\" srcset=\"https:\/\/www.paulus.com.br\/assistencia-social\/wp-content\/uploads\/2025\/03\/1post-wordpress-5.jpg 716w, https:\/\/www.paulus.com.br\/assistencia-social\/wp-content\/uploads\/2025\/03\/1post-wordpress-5-300x186.jpg 300w\" sizes=\"auto, (max-width: 716px) 100vw, 716px\" \/><\/a><\/figure>\n\n\n\n<p><\/p>\n","protected":false},"featured_media":9562,"template":"","tags":[],"class_list":["post-9556","noticias","type-noticias","status-publish","has-post-thumbnail","hentry"],"acf":[],"_links":{"self":[{"href":"https:\/\/www.paulus.com.br\/assistencia-social\/wp-json\/wp\/v2\/noticias\/9556","targetHints":{"allow":["GET"]}}],"collection":[{"href":"https:\/\/www.paulus.com.br\/assistencia-social\/wp-json\/wp\/v2\/noticias"}],"about":[{"href":"https:\/\/www.paulus.com.br\/assistencia-social\/wp-json\/wp\/v2\/types\/noticias"}],"wp:featuredmedia":[{"embeddable":true,"href":"https:\/\/www.paulus.com.br\/assistencia-social\/wp-json\/wp\/v2\/media\/9562"}],"wp:attachment":[{"href":"https:\/\/www.paulus.com.br\/assistencia-social\/wp-json\/wp\/v2\/media?parent=9556"}],"wp:term":[{"taxonomy":"post_tag","embeddable":true,"href":"https:\/\/www.paulus.com.br\/assistencia-social\/wp-json\/wp\/v2\/tags?post=9556"}],"curies":[{"name":"wp","href":"https:\/\/api.w.org\/{rel}","templated":true}]}}