{"id":9554,"date":"2025-03-12T16:23:46","date_gmt":"2025-03-12T19:23:46","guid":{"rendered":"https:\/\/www.paulus.com.br\/assistencia-social\/?post_type=noticias&#038;p=9554"},"modified":"2025-03-12T16:23:46","modified_gmt":"2025-03-12T19:23:46","slug":"combate-a-violencia-domestica-contra-criancas-e-adolescentes-e-tema-de-percurso-formativo-promovido-pela-paulus-social-durante-o-mes-de-fevereiro-em-sao-paulo","status":"publish","type":"noticias","link":"https:\/\/www.paulus.com.br\/assistencia-social\/noticias\/combate-a-violencia-domestica-contra-criancas-e-adolescentes-e-tema-de-percurso-formativo-promovido-pela-paulus-social-durante-o-mes-de-fevereiro-em-sao-paulo\/","title":{"rendered":"Combate \u00e0 viol\u00eancia dom\u00e9stica contra crian\u00e7as e adolescentes \u00e9 tema de percurso formativo promovido pela PAULUS Social durante o m\u00eas de fevereiro em S\u00e3o Paulo"},"content":{"rendered":"\n<p>A PAULUS Social promoveu nos dias 05, 12, 19 e 26 de fevereiro mais um percurso formativo na Faculdade PAULUS de Comunica\u00e7\u00e3o \u2013 FAPCOM, sob a prec\u00edpua tem\u00e1tica do \u201c<strong>Combate \u00e0 viol\u00eancia dom\u00e9stica contra crian\u00e7as e adolescentes\u201d, que reuniu trabalhadores da rede socioassistencial da cidade de S\u00e3o Paulo e adjac\u00eancias.<\/strong><strong><\/strong><\/p>\n\n\n\n<p>Durante as quatro semanas que totalizaram 32 horas de forma\u00e7\u00e3o, os participantes tiveram a oportunidade de aprofundar seus conhecimentos sobre as leis que garantem a prote\u00e7\u00e3o das crian\u00e7as e adolescentes, al\u00e9m de refletir sobre a aplica\u00e7\u00e3o pr\u00e1tica dessas normas diante de situa\u00e7\u00f5es reais, possibilitando que os profissionais que atuam no campo das pol\u00edticas p\u00fablicas sociais, ampliassem seu conhecimento s\u00f3cio-hist\u00f3rico a respeito da situa\u00e7\u00e3o de viol\u00eancia dom\u00e9stica contra crian\u00e7as e adolescentes, bem como seu enfrentamento e encaminhamentos.<\/p>\n\n\n\n<p>O estudo de casos emblem\u00e1ticos, como o do menino Bernardo, Henry Borel e da menina Araceli, foi um dos momentos mais ricos, permitindo aos participantes entender a complexidade dos casos, as falhas no sistema de defesa e garantia de direitos, al\u00e9m das solu\u00e7\u00f5es poss\u00edveis.<\/p>\n\n\n\n<p>O percurso formativo contou com a facilita\u00e7\u00e3o e media\u00e7\u00e3o da professora Flaviana Aparecida de Melo, que \u00e9 mestra em servi\u00e7o social pela PUC-SP, al\u00e9m de professora universit\u00e1ria, especialista em viol\u00eancia dom\u00e9stica com ampla atua\u00e7\u00e3o no segmento.<\/p>\n\n\n\n<p>Representando o assessoramento da PAULUS Social, o analista de projetos sociais Andr\u00e9 Nascimento, pedagogo e especialista em pol\u00edticas p\u00fablicas, acompanhou in loco a forma\u00e7\u00e3o. Andr\u00e9 esteve presente em todas as etapas de prepara\u00e7\u00e3o e execu\u00e7\u00e3o do percurso formativo, garantindo que as diretrizes da PAULUS Social e da Pol\u00edtica de Assist\u00eancia Social fossem mantidas.<\/p>\n\n\n\n<p>A PAULUS Social reafirma seu compromisso com a forma\u00e7\u00e3o continuada voltada para profissionais comprometidos com a atua\u00e7\u00e3o no campo da prote\u00e7\u00e3o e defesa dos direitos de crian\u00e7as e adolescentes, impulsionando assim o debate e a conscientiza\u00e7\u00e3o sobre a import\u00e2ncia de pol\u00edticas p\u00fablicas eficazes e de um sistema de apoio s\u00f3lido e diligente para v\u00edtimas de viol\u00eancia. Esse percurso formativo, certamente, foi mais um passo significativo para o processo de desenvolvimento da autoridade e autonomia do trabalhador do SUAS.<\/p>\n\n\n\n<p>O Programa InovaSUAS \u00e9 estrutura na capacita\u00e7\u00e3o e forma\u00e7\u00e3o de trabalhadores, lideran\u00e7as e usu\u00e1rios dos servi\u00e7os, programas e projetos da rede socioassistencial e profissionais ligados \u00e0 rede de servi\u00e7os que visam desenvolver seu conhecimento nas mais diversas tem\u00e1ticas do SUAS, com forma\u00e7\u00f5es gratuitas presentes em todo territ\u00f3rio o nacional.<\/p>\n\n\n\n<p><\/p>\n","protected":false},"featured_media":9555,"template":"","tags":[],"class_list":["post-9554","noticias","type-noticias","status-publish","has-post-thumbnail","hentry"],"acf":[],"_links":{"self":[{"href":"https:\/\/www.paulus.com.br\/assistencia-social\/wp-json\/wp\/v2\/noticias\/9554","targetHints":{"allow":["GET"]}}],"collection":[{"href":"https:\/\/www.paulus.com.br\/assistencia-social\/wp-json\/wp\/v2\/noticias"}],"about":[{"href":"https:\/\/www.paulus.com.br\/assistencia-social\/wp-json\/wp\/v2\/types\/noticias"}],"wp:featuredmedia":[{"embeddable":true,"href":"https:\/\/www.paulus.com.br\/assistencia-social\/wp-json\/wp\/v2\/media\/9555"}],"wp:attachment":[{"href":"https:\/\/www.paulus.com.br\/assistencia-social\/wp-json\/wp\/v2\/media?parent=9554"}],"wp:term":[{"taxonomy":"post_tag","embeddable":true,"href":"https:\/\/www.paulus.com.br\/assistencia-social\/wp-json\/wp\/v2\/tags?post=9554"}],"curies":[{"name":"wp","href":"https:\/\/api.w.org\/{rel}","templated":true}]}}