{"id":9521,"date":"2025-03-10T10:50:26","date_gmt":"2025-03-10T13:50:26","guid":{"rendered":"https:\/\/www.paulus.com.br\/assistencia-social\/?post_type=noticias&#038;p=9521"},"modified":"2025-03-10T10:50:26","modified_gmt":"2025-03-10T13:50:26","slug":"paulus-social-promove-para-a-cidade-de-sao-paulo-e-adjacencias-a-formacao-acolhimento-institucional-desafios-e-possibilidades","status":"publish","type":"noticias","link":"https:\/\/www.paulus.com.br\/assistencia-social\/noticias\/paulus-social-promove-para-a-cidade-de-sao-paulo-e-adjacencias-a-formacao-acolhimento-institucional-desafios-e-possibilidades\/","title":{"rendered":"PAULUS Social promove para a cidade de S\u00e3o Paulo e adjac\u00eancias, a forma\u00e7\u00e3o &#8211; Acolhimento Institucional: desafios e possibilidades"},"content":{"rendered":"\n<p>Nos dias 06, 13, 20 e 27 de fevereiro a PAULUS Social reuniu trabalhadores que atuam na prote\u00e7\u00e3o social especial de m\u00e9dia e alta complexidade. A atividade mobilizou profissionais de diferentes regi\u00f5es da capital paulista e adjac\u00eancias, a exemplo das cidades de Suzano e Mogi Gua\u00e7u, fato que indica a relev\u00e2ncia do tema e a escassez de oferta de espa\u00e7os para partilha e constru\u00e7\u00e3o de saberes da quest\u00e3o em foco.<\/p>\n\n\n\n<p>Sob a media\u00e7\u00e3o da formadora Magda Duarte, graduada em psicologia e especialista em trabalho social com fam\u00edlias, o encontro proporcionou um espa\u00e7o rico de discuss\u00f5es. O grupo teve a oportunidade de n\u00e3o apenas compreender as diretrizes desse servi\u00e7o, mas tamb\u00e9m explorar novas estrat\u00e9gias e pr\u00e1ticas a partir da troca de experi\u00eancias. Houve espa\u00e7o para debates e para a cria\u00e7\u00e3o de estrat\u00e9gias conjuntas, garantindo uma viv\u00eancia colaborativa e enriquecedora.<\/p>\n\n\n\n<p>A programa\u00e7\u00e3o, com carga hor\u00e1ria de 32 horas distribu\u00eddas em quatro dias, envolveu pedagogos, psic\u00f3logos, assistentes sociais, educadores sociais, gestores de CREAS e conselheiros tutelares, movidos pela \u00e2nsia de aprimorar o servi\u00e7o oferecido, visando maior efic\u00e1cia nas interven\u00e7\u00f5es realizadas.<\/p>\n\n\n\n<p>Este encontro evidenciou o sentimento de impot\u00eancia e desamparo dos profissionais que atuam frente a frente com as interfaces da quest\u00e3o social, ocasionadas pela viola\u00e7\u00e3o da garantia de direitos m\u00ednimos previstos na Constitui\u00e7\u00e3o Federal, culminando no adoecimento desses trabalhadores e, inevitavelmente, reverberando na popula\u00e7\u00e3o atendida. Essa pauta tem aparecido em estudos acad\u00eamicos, principalmente p\u00f3s-pandemia de COVID-19.<\/p>\n\n\n\n<p>Como representante do Assessoramento da PAULUS Social, esteve presente a analista de projetos sociais \u00c9rica Souto, prestando suporte t\u00e9cnico \u00e0 formadora e garantindo que o conte\u00fado estivesse alinhado com as diretrizes da PAULUS e da pol\u00edtica de Assist\u00eancia Social.<\/p>\n\n\n\n<p>O Programa InovaSUAS qualifica trabalhadores do SUAS, conselheiros de assist\u00eancia social e de direitos, gestores, usu\u00e1rios e lideran\u00e7as representativas da rede socioassistencial com at\u00e9 360 horas de forma\u00e7\u00e3o para aprimorar as formas de gest\u00e3o, procedimentos e acessos a direitos sociais, utilizando pr\u00e1ticas inovadoras e conte\u00fados adequados \u00e0s realidades dos territ\u00f3rios. O programa mant\u00e9m tamb\u00e9m, em seu escopo de atua\u00e7\u00e3o metodol\u00f3gica, a produ\u00e7\u00e3o de estudos e a dissemina\u00e7\u00e3o de conte\u00fados de interesse p\u00fablico da assist\u00eancia social.<\/p>\n","protected":false},"featured_media":9522,"template":"","tags":[],"class_list":["post-9521","noticias","type-noticias","status-publish","has-post-thumbnail","hentry"],"acf":[],"_links":{"self":[{"href":"https:\/\/www.paulus.com.br\/assistencia-social\/wp-json\/wp\/v2\/noticias\/9521","targetHints":{"allow":["GET"]}}],"collection":[{"href":"https:\/\/www.paulus.com.br\/assistencia-social\/wp-json\/wp\/v2\/noticias"}],"about":[{"href":"https:\/\/www.paulus.com.br\/assistencia-social\/wp-json\/wp\/v2\/types\/noticias"}],"wp:featuredmedia":[{"embeddable":true,"href":"https:\/\/www.paulus.com.br\/assistencia-social\/wp-json\/wp\/v2\/media\/9522"}],"wp:attachment":[{"href":"https:\/\/www.paulus.com.br\/assistencia-social\/wp-json\/wp\/v2\/media?parent=9521"}],"wp:term":[{"taxonomy":"post_tag","embeddable":true,"href":"https:\/\/www.paulus.com.br\/assistencia-social\/wp-json\/wp\/v2\/tags?post=9521"}],"curies":[{"name":"wp","href":"https:\/\/api.w.org\/{rel}","templated":true}]}}