{"id":9511,"date":"2025-03-07T10:38:58","date_gmt":"2025-03-07T13:38:58","guid":{"rendered":"https:\/\/www.paulus.com.br\/assistencia-social\/?post_type=noticias&#038;p=9511"},"modified":"2025-03-07T10:38:58","modified_gmt":"2025-03-07T13:38:58","slug":"paulus-social-consolida-em-2025-sua-dedicacao-a-luta-antirracista","status":"publish","type":"noticias","link":"https:\/\/www.paulus.com.br\/assistencia-social\/noticias\/paulus-social-consolida-em-2025-sua-dedicacao-a-luta-antirracista\/","title":{"rendered":"PAULUS Social consolida em 2025 sua dedica\u00e7\u00e3o \u00e0 Luta Antirracista"},"content":{"rendered":"\n<p>Todas as segundas-feiras do m\u00eas de fevereiro de 2025 foram dedicadas ao processo formativo \u201cLuta Antirracista\u201d. A Faculdade PAULUS de Comunica\u00e7\u00e3o (FAPCOM), localizada na Vila Mariana acolheu o p\u00fablico composto por trabalhadores da pol\u00edtica de assist\u00eancia social, atuantes na prote\u00e7\u00e3o social b\u00e1sica e na prote\u00e7\u00e3o social especial \u2013 m\u00e9dia e alta complexidade, que acumularam 32 horas de forma\u00e7\u00e3o e qualifica\u00e7\u00e3o, mais que profissional, humana.<\/p>\n\n\n\n<p>Partindo da premissa de que racismo n\u00e3o \u00e9 um tema transversal, mas sim uma quest\u00e3o basilar em nossa sociedade, os participantes foram identificando e construindo ao longo do m\u00eas conhecimento que lhes permitiu reconhecer em si pr\u00f3prios e nas rela\u00e7\u00f5es cotidianas a reprodu\u00e7\u00e3o de atitudes racistas, outrora despercebidas, ou ainda, situa\u00e7\u00f5es em que foram submetidos a atitudes racistas e sequer tomaram conhecimento, classificando como inc\u00f4modas suas rea\u00e7\u00f5es aos epis\u00f3dios criminosos. Esse processo formativo teve como peculiaridade o espa\u00e7amento de 7 dias, intercalando a carga hor\u00e1ria de 8 horas, o que possibilitou que os participantes maturassem o conte\u00fado, comparecendo na semana seguinte com contribui\u00e7\u00f5es e questionamentos pertinentes ao assunto, enriquecendo o debate.<\/p>\n\n\n\n<p>Mediado catedraticamente pela doutoranda Kajali Lima Vitorio, a forma\u00e7\u00e3o elucidou que um dos pressupostos para o debate das rela\u00e7\u00f5es \u00e9tnico-raciais \u00e9 o reconhecimento de que a sociedade brasileira \u00e9 racista, ou seja, o racismo estrutura as rela\u00e7\u00f5es sociais. O que significa que o racismo est\u00e1 presente em todos os \u00e2mbitos da sociabilidade e impacta todos os indiv\u00edduos, grupos e institui\u00e7\u00f5es. Kajali, que \u00e9 assistente social de forma\u00e7\u00e3o, pesquisadora e facilitadora com \u00eanfase em: trabalho profissional, instrumentalidade e rela\u00e7\u00f5es \u00e9tnicos-raciais, e sob a \u00e9gide do servi\u00e7o social contextualizou sobre as rela\u00e7\u00f5es estabelecidas no cotidiano dos servi\u00e7os da pol\u00edtica de assist\u00eancia social, entre as\/os trabalhadoras\/es e a popula\u00e7\u00e3o atendida, proporcionando espa\u00e7o para refletir as implica\u00e7\u00f5es do racismo institucional nos processos de trabalho, e possibilidades antirracistas.<\/p>\n\n\n\n<p>Como caracter\u00edstica das atividades desenvolvidas pelo Programa de Assessoramento da PAULUS Social, esteve representando a institui\u00e7\u00e3o a analista de projetos sociais \u00c9rica Souto, que acompanhou todo o processo de prepara\u00e7\u00e3o, prestando suporte tanto \u00e0 formadora, quanto aos participantes, certificando que todo processo estivesse alinhado com as diretrizes da PAULUS e da pol\u00edtica de assist\u00eancia social.<\/p>\n\n\n\n<p>O Programa InovaSUAS \u00e9 estruturado na capacita\u00e7\u00e3o e forma\u00e7\u00e3o de trabalhadores, lideran\u00e7as e usu\u00e1rios dos servi\u00e7os, programas e projetos da rede socioassistencial e profissionais ligados \u00e0 rede de servi\u00e7os que visam desenvolver seu conhecimento nas mais diversas tem\u00e1ticas do SUAS, com forma\u00e7\u00f5es gratuitas presentes em todo o territ\u00f3rio nacional.&nbsp;&nbsp;<\/p>\n","protected":false},"featured_media":9512,"template":"","tags":[],"class_list":["post-9511","noticias","type-noticias","status-publish","has-post-thumbnail","hentry"],"acf":[],"_links":{"self":[{"href":"https:\/\/www.paulus.com.br\/assistencia-social\/wp-json\/wp\/v2\/noticias\/9511","targetHints":{"allow":["GET"]}}],"collection":[{"href":"https:\/\/www.paulus.com.br\/assistencia-social\/wp-json\/wp\/v2\/noticias"}],"about":[{"href":"https:\/\/www.paulus.com.br\/assistencia-social\/wp-json\/wp\/v2\/types\/noticias"}],"wp:featuredmedia":[{"embeddable":true,"href":"https:\/\/www.paulus.com.br\/assistencia-social\/wp-json\/wp\/v2\/media\/9512"}],"wp:attachment":[{"href":"https:\/\/www.paulus.com.br\/assistencia-social\/wp-json\/wp\/v2\/media?parent=9511"}],"wp:term":[{"taxonomy":"post_tag","embeddable":true,"href":"https:\/\/www.paulus.com.br\/assistencia-social\/wp-json\/wp\/v2\/tags?post=9511"}],"curies":[{"name":"wp","href":"https:\/\/api.w.org\/{rel}","templated":true}]}}