{"id":9497,"date":"2025-02-28T17:14:39","date_gmt":"2025-02-28T20:14:39","guid":{"rendered":"https:\/\/www.paulus.com.br\/assistencia-social\/?post_type=noticias&#038;p=9497"},"modified":"2025-02-28T17:14:39","modified_gmt":"2025-02-28T20:14:39","slug":"comunicacao-estrategica-na-assistencia-social-paulus-social-encerra-percurso-formativo-para-profissionais-da-rede-socioassistencial-de-sao-paulo","status":"publish","type":"noticias","link":"https:\/\/www.paulus.com.br\/assistencia-social\/noticias\/comunicacao-estrategica-na-assistencia-social-paulus-social-encerra-percurso-formativo-para-profissionais-da-rede-socioassistencial-de-sao-paulo\/","title":{"rendered":"Comunica\u00e7\u00e3o Estrat\u00e9gica na Assist\u00eancia Social: PAULUS Social encerra percurso formativo para profissionais da rede socioassistencial de S\u00e3o Paulo"},"content":{"rendered":"\n<p>O assessoramento da PAULUS Social concluiu, na \u00faltima ter\u00e7a-feira (25), a forma\u00e7\u00e3o &#8220;Comunica\u00e7\u00e3o Estrat\u00e9gica no \u00c2mbito da Assist\u00eancia Social&#8221;, direcionada a profissionais da rede socioassistencial da cidade de S\u00e3o Paulo. O percurso formativo foi realizado na Faculdade PAULUS de Comunica\u00e7\u00e3o (FAPCOM).<\/p>\n\n\n\n<p>A forma\u00e7\u00e3o, com 32 horas de carga hor\u00e1ria, distribu\u00eddas em quatro dias, abordou a Educomunica\u00e7\u00e3o como ferramenta essencial para aprimorar a comunica\u00e7\u00e3o na Pol\u00edtica de Assist\u00eancia Social. Por meio de metodologias participativas, estudos de casos e atividades pr\u00e1ticas, os participantes desenvolveram planos de comunica\u00e7\u00e3o alinhados \u00e0s necessidades de suas organiza\u00e7\u00f5es, explorando diferentes formatos como redes sociais, podcasts, videocasts e boletins informativos.<\/p>\n\n\n\n<p>O percurso tamb\u00e9m possibilitou discuss\u00f5es acerca dos desafios contempor\u00e2neos, tais como a desinforma\u00e7\u00e3o \/ fake news, polariza\u00e7\u00e3o pol\u00edtica e o impacto das novas legisla\u00e7\u00f5es no campo da comunica\u00e7\u00e3o, al\u00e9m de promover reflex\u00f5es sobre a comunica\u00e7\u00e3o como direito humano e estrat\u00e9gia essencial para a mobiliza\u00e7\u00e3o social. Com um ambiente de intera\u00e7\u00e3o e aprendizado, os participantes puderam refletir sobre a import\u00e2ncia de uma comunica\u00e7\u00e3o mais estrat\u00e9gica e acess\u00edvel, alinhada \u00e0s necessidades e desafios dos territ\u00f3rios.<\/p>\n\n\n\n<p>Os encontros contaram com a media\u00e7\u00e3o de Daniele Pr\u00f3spero para esta relevante proposta de forma\u00e7\u00e3o. Daniele \u00e9 mestra em Ci\u00eancias da Comunica\u00e7\u00e3o pela Universidade de S\u00e3o Paulo (USP) e possui vasta experi\u00eancia em Jornalismo Social e Educa\u00e7\u00e3o Comunit\u00e1ria.<\/p>\n\n\n\n<p>Representando o assessoramento da PAULUS Social, esteve acompanhando a forma\u00e7\u00e3o a analista de projetos sociais Anna Caroline Gama, especialista em Servi\u00e7o Social e Pol\u00edticas P\u00fablicas. Anna esteve presente em todas as etapas de prepara\u00e7\u00e3o e execu\u00e7\u00e3o do percurso, garantindo que a forma\u00e7\u00e3o atendesse \u00e0s diretrizes da PAULUS e da Pol\u00edtica de Assist\u00eancia Social.<\/p>\n\n\n\n<p>Com um ambiente din\u00e2mico e colaborativo, o percurso formativo estimulou a constru\u00e7\u00e3o de narrativas mais engajadoras e transformadoras, refor\u00e7ando o papel da comunica\u00e7\u00e3o na defesa de direitos e na promo\u00e7\u00e3o da cidadania. Os participantes elaboraram projetos de comunica\u00e7\u00e3o que dialogam com tem\u00e1ticas da atualidade e pensados para os diversos p\u00fablicos (usu\u00e1rios do SUAS, trabalhadores, doadores, rede socioassistencial e outras pol\u00edticas) de maneira estrat\u00e9gica e acess\u00edvel.<\/p>\n\n\n\n<p>O Programa InovaSUAS \u00e9 estruturado na capacita\u00e7\u00e3o e forma\u00e7\u00e3o de lideran\u00e7as e usu\u00e1rios dos servi\u00e7os, programas e projetos da rede socioassistencial e profissionais ligados \u00e0 rede de servi\u00e7os que visam desenvolver seu conhecimento nas mais diversas tem\u00e1ticas do SUAS, com forma\u00e7\u00f5es gratuitas presentes em todo territ\u00f3rio nacional.<\/p>\n","protected":false},"featured_media":9498,"template":"","tags":[],"class_list":["post-9497","noticias","type-noticias","status-publish","has-post-thumbnail","hentry"],"acf":[],"_links":{"self":[{"href":"https:\/\/www.paulus.com.br\/assistencia-social\/wp-json\/wp\/v2\/noticias\/9497","targetHints":{"allow":["GET"]}}],"collection":[{"href":"https:\/\/www.paulus.com.br\/assistencia-social\/wp-json\/wp\/v2\/noticias"}],"about":[{"href":"https:\/\/www.paulus.com.br\/assistencia-social\/wp-json\/wp\/v2\/types\/noticias"}],"wp:featuredmedia":[{"embeddable":true,"href":"https:\/\/www.paulus.com.br\/assistencia-social\/wp-json\/wp\/v2\/media\/9498"}],"wp:attachment":[{"href":"https:\/\/www.paulus.com.br\/assistencia-social\/wp-json\/wp\/v2\/media?parent=9497"}],"wp:term":[{"taxonomy":"post_tag","embeddable":true,"href":"https:\/\/www.paulus.com.br\/assistencia-social\/wp-json\/wp\/v2\/tags?post=9497"}],"curies":[{"name":"wp","href":"https:\/\/api.w.org\/{rel}","templated":true}]}}