{"id":9453,"date":"2025-02-24T16:27:26","date_gmt":"2025-02-24T19:27:26","guid":{"rendered":"https:\/\/www.paulus.com.br\/assistencia-social\/?post_type=noticias&#038;p=9453"},"modified":"2025-02-24T16:52:48","modified_gmt":"2025-02-24T19:52:48","slug":"centro-paulus-de-convivencia-cotia-completa-primeiro-mes-de-atendimento","status":"publish","type":"noticias","link":"https:\/\/www.paulus.com.br\/assistencia-social\/noticias\/centro-paulus-de-convivencia-cotia-completa-primeiro-mes-de-atendimento\/","title":{"rendered":"Centro PAULUS de Conviv\u00eancia \u2013 Cotia completa primeiro m\u00eas de atendimento"},"content":{"rendered":"\n<p>O Centro PAULUS de Conviv\u00eancia \u2013 Cotia come\u00e7ou seu atendimento com for\u00e7a total! Desde o dia 06 de janeiro, a unidade come\u00e7ou a atender a popula\u00e7\u00e3o Cotiana, com o percurso intitulado \u201cMinha Hist\u00f3ria, nossa Hist\u00f3ria\u201d, que tem o prop\u00f3sito de conhecer os atendidos e suas demandas.<\/p>\n\n\n\n<p>O trabalho utilizou estrat\u00e9gias para que os atendidos constru\u00edssem suas pr\u00f3prias narrativas, compartilhassem suas viv\u00eancias, dividissem suas vis\u00f5es de mundo e pertencimentos. Utilizando atividades como rodas de conversa sobre suas hist\u00f3rias de vida, esquetes teatrais, canto com m\u00fasicas que remetesse ao passado, dan\u00e7a com o repert\u00f3rio trazido por eles, entre outras. Ao estimular a conta\u00e7\u00e3o de seus enredos, os pr\u00f3ximos percursos poder\u00e3o ser elaborados de maneira que atendam suas demandas espec\u00edficas.<\/p>\n\n\n\n<figure class=\"wp-block-image size-full\"><a href=\"https:\/\/www.paulus.com.br\/assistencia-social\/wp-content\/uploads\/2025\/02\/716-cotia-um-mes-de-atividades4.jpg\"><img loading=\"lazy\" decoding=\"async\" width=\"716\" height=\"444\" src=\"https:\/\/www.paulus.com.br\/assistencia-social\/wp-content\/uploads\/2025\/02\/716-cotia-um-mes-de-atividades4.jpg\" alt=\"\" class=\"wp-image-9455\" srcset=\"https:\/\/www.paulus.com.br\/assistencia-social\/wp-content\/uploads\/2025\/02\/716-cotia-um-mes-de-atividades4.jpg 716w, https:\/\/www.paulus.com.br\/assistencia-social\/wp-content\/uploads\/2025\/02\/716-cotia-um-mes-de-atividades4-300x186.jpg 300w\" sizes=\"auto, (max-width: 716px) 100vw, 716px\" \/><\/a><\/figure>\n\n\n\n<p>Nosso primeiro m\u00eas trouxe muitas experi\u00eancias na constru\u00e7\u00e3o dos v\u00ednculos e possibilidades de conviv\u00eancia, inclusive, intergeracional, entre os atendidos. Todas as experi\u00eancias contribuem para construirmos refer\u00eancias positivas sobre o servi\u00e7o.<\/p>\n\n\n\n<figure class=\"wp-block-image size-full\"><a href=\"https:\/\/www.paulus.com.br\/assistencia-social\/wp-content\/uploads\/2025\/02\/716-cotia-um-mes-de-atividades1.jpg\"><img loading=\"lazy\" decoding=\"async\" width=\"716\" height=\"444\" src=\"https:\/\/www.paulus.com.br\/assistencia-social\/wp-content\/uploads\/2025\/02\/716-cotia-um-mes-de-atividades1.jpg\" alt=\"\" class=\"wp-image-9458\" srcset=\"https:\/\/www.paulus.com.br\/assistencia-social\/wp-content\/uploads\/2025\/02\/716-cotia-um-mes-de-atividades1.jpg 716w, https:\/\/www.paulus.com.br\/assistencia-social\/wp-content\/uploads\/2025\/02\/716-cotia-um-mes-de-atividades1-300x186.jpg 300w\" sizes=\"auto, (max-width: 716px) 100vw, 716px\" \/><\/a><\/figure>\n","protected":false},"featured_media":9459,"template":"","tags":[],"class_list":["post-9453","noticias","type-noticias","status-publish","has-post-thumbnail","hentry"],"acf":[],"_links":{"self":[{"href":"https:\/\/www.paulus.com.br\/assistencia-social\/wp-json\/wp\/v2\/noticias\/9453","targetHints":{"allow":["GET"]}}],"collection":[{"href":"https:\/\/www.paulus.com.br\/assistencia-social\/wp-json\/wp\/v2\/noticias"}],"about":[{"href":"https:\/\/www.paulus.com.br\/assistencia-social\/wp-json\/wp\/v2\/types\/noticias"}],"wp:featuredmedia":[{"embeddable":true,"href":"https:\/\/www.paulus.com.br\/assistencia-social\/wp-json\/wp\/v2\/media\/9459"}],"wp:attachment":[{"href":"https:\/\/www.paulus.com.br\/assistencia-social\/wp-json\/wp\/v2\/media?parent=9453"}],"wp:term":[{"taxonomy":"post_tag","embeddable":true,"href":"https:\/\/www.paulus.com.br\/assistencia-social\/wp-json\/wp\/v2\/tags?post=9453"}],"curies":[{"name":"wp","href":"https:\/\/api.w.org\/{rel}","templated":true}]}}