{"id":9447,"date":"2025-02-24T16:20:00","date_gmt":"2025-02-24T19:20:00","guid":{"rendered":"https:\/\/www.paulus.com.br\/assistencia-social\/?post_type=noticias&#038;p=9447"},"modified":"2025-02-24T16:51:12","modified_gmt":"2025-02-24T19:51:12","slug":"portas-abertas","status":"publish","type":"noticias","link":"https:\/\/www.paulus.com.br\/assistencia-social\/noticias\/portas-abertas\/","title":{"rendered":"Portas abertas"},"content":{"rendered":"\n<p>Ao contr\u00e1rio de escolas e outras institui\u00e7\u00f5es, o Centro PAULUS de Conviv\u00eancia \u2013 Freguesia do \u00d3 continua funcionando no m\u00eas de janeiro, atendendo quem necessita, mantendo o espa\u00e7o de seguran\u00e7a e prote\u00e7\u00e3o, com a alimenta\u00e7\u00e3o e ofertas de atividades. <\/p>\n\n\n\n<figure class=\"wp-block-image size-full\"><a href=\"https:\/\/www.paulus.com.br\/assistencia-social\/wp-content\/uploads\/2025\/02\/716-freguesia-atividades-de-janeiro2.jpg\"><img loading=\"lazy\" decoding=\"async\" width=\"716\" height=\"444\" src=\"https:\/\/www.paulus.com.br\/assistencia-social\/wp-content\/uploads\/2025\/02\/716-freguesia-atividades-de-janeiro2.jpg\" alt=\"\" class=\"wp-image-9451\" srcset=\"https:\/\/www.paulus.com.br\/assistencia-social\/wp-content\/uploads\/2025\/02\/716-freguesia-atividades-de-janeiro2.jpg 716w, https:\/\/www.paulus.com.br\/assistencia-social\/wp-content\/uploads\/2025\/02\/716-freguesia-atividades-de-janeiro2-300x186.jpg 300w\" sizes=\"auto, (max-width: 716px) 100vw, 716px\" \/><\/a><\/figure>\n\n\n\n<p>Para que seja um m\u00eas prazeroso para quem est\u00e1 na unidade, foram feitos percursos chamados \u201cPortas Abertas\u201d: os educadores planejaram brincadeiras para as diversas faixas et\u00e1rias e as pr\u00f3prias crian\u00e7as escolheram qual das atividades propostas fazer em cada dia, proporcionando intera\u00e7\u00e3o, protagonismo, desenvolvimento, seguran\u00e7a e muitas outras caracter\u00edsticas.<\/p>\n\n\n\n<figure class=\"wp-block-image size-full\"><a href=\"https:\/\/www.paulus.com.br\/assistencia-social\/wp-content\/uploads\/2025\/02\/716-freguesia-atividades-de-janeiro4.jpg\"><img loading=\"lazy\" decoding=\"async\" width=\"716\" height=\"444\" src=\"https:\/\/www.paulus.com.br\/assistencia-social\/wp-content\/uploads\/2025\/02\/716-freguesia-atividades-de-janeiro4.jpg\" alt=\"\" class=\"wp-image-9449\" srcset=\"https:\/\/www.paulus.com.br\/assistencia-social\/wp-content\/uploads\/2025\/02\/716-freguesia-atividades-de-janeiro4.jpg 716w, https:\/\/www.paulus.com.br\/assistencia-social\/wp-content\/uploads\/2025\/02\/716-freguesia-atividades-de-janeiro4-300x186.jpg 300w\" sizes=\"auto, (max-width: 716px) 100vw, 716px\" \/><\/a><\/figure>\n\n\n\n<p>Assim, cada um p\u00f4de desfrutar do que mais agradou, ao mesmo tempo em que os educadores observaram os diferentes interesses, que podem ser explorados em outros percursos durante o ano.<\/p>\n\n\n\n<figure class=\"wp-block-image size-full\"><a href=\"https:\/\/www.paulus.com.br\/assistencia-social\/wp-content\/uploads\/2025\/02\/716-freguesia-atividades-de-janeiro1.jpg\"><img loading=\"lazy\" decoding=\"async\" width=\"716\" height=\"444\" src=\"https:\/\/www.paulus.com.br\/assistencia-social\/wp-content\/uploads\/2025\/02\/716-freguesia-atividades-de-janeiro1.jpg\" alt=\"\" class=\"wp-image-9452\" srcset=\"https:\/\/www.paulus.com.br\/assistencia-social\/wp-content\/uploads\/2025\/02\/716-freguesia-atividades-de-janeiro1.jpg 716w, https:\/\/www.paulus.com.br\/assistencia-social\/wp-content\/uploads\/2025\/02\/716-freguesia-atividades-de-janeiro1-300x186.jpg 300w\" sizes=\"auto, (max-width: 716px) 100vw, 716px\" \/><\/a><\/figure>\n","protected":false},"featured_media":9448,"template":"","tags":[],"class_list":["post-9447","noticias","type-noticias","status-publish","has-post-thumbnail","hentry"],"acf":[],"_links":{"self":[{"href":"https:\/\/www.paulus.com.br\/assistencia-social\/wp-json\/wp\/v2\/noticias\/9447","targetHints":{"allow":["GET"]}}],"collection":[{"href":"https:\/\/www.paulus.com.br\/assistencia-social\/wp-json\/wp\/v2\/noticias"}],"about":[{"href":"https:\/\/www.paulus.com.br\/assistencia-social\/wp-json\/wp\/v2\/types\/noticias"}],"wp:featuredmedia":[{"embeddable":true,"href":"https:\/\/www.paulus.com.br\/assistencia-social\/wp-json\/wp\/v2\/media\/9448"}],"wp:attachment":[{"href":"https:\/\/www.paulus.com.br\/assistencia-social\/wp-json\/wp\/v2\/media?parent=9447"}],"wp:term":[{"taxonomy":"post_tag","embeddable":true,"href":"https:\/\/www.paulus.com.br\/assistencia-social\/wp-json\/wp\/v2\/tags?post=9447"}],"curies":[{"name":"wp","href":"https:\/\/api.w.org\/{rel}","templated":true}]}}