{"id":9440,"date":"2025-02-24T16:21:00","date_gmt":"2025-02-24T19:21:00","guid":{"rendered":"https:\/\/www.paulus.com.br\/assistencia-social\/?post_type=noticias&#038;p=9440"},"modified":"2025-02-24T16:21:35","modified_gmt":"2025-02-24T19:21:35","slug":"centro-paulus-de-convivencia-osasco-uma-semana-de-diversao-e-descobertas","status":"publish","type":"noticias","link":"https:\/\/www.paulus.com.br\/assistencia-social\/noticias\/centro-paulus-de-convivencia-osasco-uma-semana-de-diversao-e-descobertas\/","title":{"rendered":"Centro PAULUS de Conviv\u00eancia \u2013 Osasco: Uma semana de divers\u00e3o e descobertas"},"content":{"rendered":"\n<p>Na semana de 06 a 10 de janeiro de 2025, vivenciamos momentos de muita divers\u00e3o promovidos pelos jovens da Miss\u00e3o Salesiana GAM, em parceria com a Par\u00f3quia Santa Maria M\u00e3e de Deus e a Escola Messias Gon\u00e7alves da Silva. As atividades tiveram um impacto significativo para a comunidade, especialmente para as nossas crian\u00e7as e adolescentes.<\/p>\n\n\n\n<p>No bairro Jardim Santa Maria, essa intera\u00e7\u00e3o ocorreu no espa\u00e7o da Escola Messias Gon\u00e7alves da Silva. O encontro contou com diversas atividades recreativas, como confec\u00e7\u00e3o de pulseiras, pintura de rosto, futebol, terer\u00ea de cabelo, dan\u00e7a, v\u00f4lei e brincadeiras com bexigas d&#8217;\u00e1gua.<\/p>\n\n\n\n<figure class=\"wp-block-image size-full\"><a href=\"https:\/\/www.paulus.com.br\/assistencia-social\/wp-content\/uploads\/2025\/02\/cpc-osasco-uma-semana-de-diversao-3.jpg\"><img loading=\"lazy\" decoding=\"async\" width=\"716\" height=\"444\" src=\"https:\/\/www.paulus.com.br\/assistencia-social\/wp-content\/uploads\/2025\/02\/cpc-osasco-uma-semana-de-diversao-3.jpg\" alt=\"\" class=\"wp-image-9444\" srcset=\"https:\/\/www.paulus.com.br\/assistencia-social\/wp-content\/uploads\/2025\/02\/cpc-osasco-uma-semana-de-diversao-3.jpg 716w, https:\/\/www.paulus.com.br\/assistencia-social\/wp-content\/uploads\/2025\/02\/cpc-osasco-uma-semana-de-diversao-3-300x186.jpg 300w\" sizes=\"auto, (max-width: 716px) 100vw, 716px\" \/><\/a><\/figure>\n\n\n\n<p>As crian\u00e7as e adolescentes atendidas no Centro PAULUS de Conviv\u00eancia \u2013 Osasco se divertiram muito e participaram de todas as atividades com energia e alegria contagiante. A intera\u00e7\u00e3o, as risadas e a divers\u00e3o marcaram essa semana especial.<\/p>\n\n\n\n<p>Foi maravilhoso presenciar o trabalho incr\u00edvel realizado pelos jovens. Al\u00e9m de promover momentos de lazer e uni\u00e3o, o evento se destacou como um exemplo inspirador de como os jovens podem se engajar em a\u00e7\u00f5es que beneficiam a comunidade e promovem o bem-estar comum.<\/p>\n\n\n\n<figure class=\"wp-block-image size-full\"><a href=\"https:\/\/www.paulus.com.br\/assistencia-social\/wp-content\/uploads\/2025\/02\/cpc-osasco-uma-semana-de-diversao-4.jpg\"><img loading=\"lazy\" decoding=\"async\" width=\"716\" height=\"444\" src=\"https:\/\/www.paulus.com.br\/assistencia-social\/wp-content\/uploads\/2025\/02\/cpc-osasco-uma-semana-de-diversao-4.jpg\" alt=\"\" class=\"wp-image-9443\" srcset=\"https:\/\/www.paulus.com.br\/assistencia-social\/wp-content\/uploads\/2025\/02\/cpc-osasco-uma-semana-de-diversao-4.jpg 716w, https:\/\/www.paulus.com.br\/assistencia-social\/wp-content\/uploads\/2025\/02\/cpc-osasco-uma-semana-de-diversao-4-300x186.jpg 300w\" sizes=\"auto, (max-width: 716px) 100vw, 716px\" \/><\/a><\/figure>\n\n\n\n<p><\/p>\n","protected":false},"featured_media":9441,"template":"","tags":[],"class_list":["post-9440","noticias","type-noticias","status-publish","has-post-thumbnail","hentry"],"acf":[],"_links":{"self":[{"href":"https:\/\/www.paulus.com.br\/assistencia-social\/wp-json\/wp\/v2\/noticias\/9440","targetHints":{"allow":["GET"]}}],"collection":[{"href":"https:\/\/www.paulus.com.br\/assistencia-social\/wp-json\/wp\/v2\/noticias"}],"about":[{"href":"https:\/\/www.paulus.com.br\/assistencia-social\/wp-json\/wp\/v2\/types\/noticias"}],"wp:featuredmedia":[{"embeddable":true,"href":"https:\/\/www.paulus.com.br\/assistencia-social\/wp-json\/wp\/v2\/media\/9441"}],"wp:attachment":[{"href":"https:\/\/www.paulus.com.br\/assistencia-social\/wp-json\/wp\/v2\/media?parent=9440"}],"wp:term":[{"taxonomy":"post_tag","embeddable":true,"href":"https:\/\/www.paulus.com.br\/assistencia-social\/wp-json\/wp\/v2\/tags?post=9440"}],"curies":[{"name":"wp","href":"https:\/\/api.w.org\/{rel}","templated":true}]}}