{"id":9438,"date":"2025-02-24T15:25:35","date_gmt":"2025-02-24T18:25:35","guid":{"rendered":"https:\/\/www.paulus.com.br\/assistencia-social\/?post_type=noticias&#038;p=9438"},"modified":"2025-02-24T15:25:35","modified_gmt":"2025-02-24T18:25:35","slug":"assessoramento-da-paulus-social-inicia-ciclo-formativo-de-2025-em-salvador-ba","status":"publish","type":"noticias","link":"https:\/\/www.paulus.com.br\/assistencia-social\/noticias\/assessoramento-da-paulus-social-inicia-ciclo-formativo-de-2025-em-salvador-ba\/","title":{"rendered":"Assessoramento da PAULUS Social inicia ciclo formativo de 2025 em Salvador\/BA"},"content":{"rendered":"\n<p>Nos dias 21 e 22 de janeiro, a PAULUS Social, em parceria com a Secretaria de Prote\u00e7\u00e3o Social, Combate \u00e0 Pobreza, Esporte e Lazer (SEMPRE), deu in\u00edcio ao ciclo formativo de 2025 por meio do Programa InovaSUAS. A forma\u00e7\u00e3o intitulada \u201cPlanejamento e Gest\u00e3o na Alta Complexidade\u201d foi destinada aos trabalhadores do Sistema \u00danico de Assist\u00eancia Social (SUAS) que atuam na capital baiana.<\/p>\n\n\n\n<p>Os encontros, com dura\u00e7\u00e3o de 8 horas em cada, contaram com a participa\u00e7\u00e3o de 47 profissionais da Prote\u00e7\u00e3o Social Especial, incluindo t\u00e9cnicos e supervisores t\u00e9cnicos dos CREAS, Centro Pop, Servi\u00e7os de Acolhimento, Abordagem de Rua e Fam\u00edlia Acolhedora.<\/p>\n\n\n\n<p>Durante o processo formativo, os participantes realizaram um diagn\u00f3stico das ofertas de servi\u00e7os, considerando aspectos como estrutura f\u00edsica, recursos humanos, perfil do p\u00fablico atendido, desafios da atua\u00e7\u00e3o e as expectativas da Pol\u00edtica de Assist\u00eancia Social para cada tipologia. Foram utilizadas normativas e legisla\u00e7\u00f5es que orientam os servi\u00e7os, sempre em conson\u00e2ncia com a Pol\u00edtica Nacional de Assist\u00eancia Social (PNAS).<\/p>\n\n\n\n<p>A forma\u00e7\u00e3o foi mediada por Samara Xavier, graduada em Hist\u00f3ria pela UNESP e mestre em Servi\u00e7o Social pela PUC-SP. Formadora da PAULUS Social, Samara possui ampla experi\u00eancia como trabalhadora e pesquisadora do SUAS.<\/p>\n\n\n\n<p>Tamb\u00e9m acompanhou o processo formativo a analista de projetos sociais da PAULUS Social, Anna Caroline Gama, especialista em Servi\u00e7o Social e Pol\u00edticas P\u00fablicas. Anna esteve presente em todas as etapas de prepara\u00e7\u00e3o e execu\u00e7\u00e3o, garantindo que a forma\u00e7\u00e3o atendesse \u00e0s diretrizes da PAULUS e da Pol\u00edtica de Assist\u00eancia Social.<\/p>\n\n\n\n<p>Como representante da SEMPRE, acompanhou o processo formativo o historiador e assessor da ger\u00eancia de Gest\u00e3o do SUAS Waldir Martins Barbosa, contribuindo com a discuss\u00e3o e prestando suporte para garantir uma estrutura adequada, materiais de apoio e recursos necess\u00e1rios para a realiza\u00e7\u00e3o dos encontros.<\/p>\n\n\n\n<p>A parceria entre a PAULUS Social e a SEMPRE reafirma o compromisso de ambas em oferecer uma pol\u00edtica p\u00fablica de qualidade, voltada \u00e0 excel\u00eancia no atendimento aos usu\u00e1rios do SUAS.<\/p>\n\n\n\n<p>O Programa InovaSUAS \u00e9 estruturado na capacita\u00e7\u00e3o e forma\u00e7\u00e3o de lideran\u00e7as e usu\u00e1rios dos servi\u00e7os, programas e projetos da rede socioassistencial e profissionais ligados \u00e0 rede de servi\u00e7os que visam desenvolver seu conhecimento nas mais diversas tem\u00e1ticas do SUAS, com forma\u00e7\u00f5es gratuitas presentes em todo territ\u00f3rio nacional.<\/p>\n","protected":false},"featured_media":9439,"template":"","tags":[],"class_list":["post-9438","noticias","type-noticias","status-publish","has-post-thumbnail","hentry"],"acf":[],"_links":{"self":[{"href":"https:\/\/www.paulus.com.br\/assistencia-social\/wp-json\/wp\/v2\/noticias\/9438","targetHints":{"allow":["GET"]}}],"collection":[{"href":"https:\/\/www.paulus.com.br\/assistencia-social\/wp-json\/wp\/v2\/noticias"}],"about":[{"href":"https:\/\/www.paulus.com.br\/assistencia-social\/wp-json\/wp\/v2\/types\/noticias"}],"wp:featuredmedia":[{"embeddable":true,"href":"https:\/\/www.paulus.com.br\/assistencia-social\/wp-json\/wp\/v2\/media\/9439"}],"wp:attachment":[{"href":"https:\/\/www.paulus.com.br\/assistencia-social\/wp-json\/wp\/v2\/media?parent=9438"}],"wp:term":[{"taxonomy":"post_tag","embeddable":true,"href":"https:\/\/www.paulus.com.br\/assistencia-social\/wp-json\/wp\/v2\/tags?post=9438"}],"curies":[{"name":"wp","href":"https:\/\/api.w.org\/{rel}","templated":true}]}}