{"id":9403,"date":"2024-12-12T15:57:36","date_gmt":"2024-12-12T18:57:36","guid":{"rendered":"https:\/\/www.paulus.com.br\/assistencia-social\/?post_type=noticias&#038;p=9403"},"modified":"2024-12-23T15:58:07","modified_gmt":"2024-12-23T18:58:07","slug":"centro-paulus-de-convivencia-freguesia-do-o-celebra-encontro-com-as-familias","status":"publish","type":"noticias","link":"https:\/\/www.paulus.com.br\/assistencia-social\/noticias\/centro-paulus-de-convivencia-freguesia-do-o-celebra-encontro-com-as-familias\/","title":{"rendered":"Centro PAULUS de Conviv\u00eancia \u2013 Freguesia do \u00d3, celebra Encontro com as fam\u00edlias"},"content":{"rendered":"\n<p>No m\u00eas de dezembro, encerrando as atividades do ano, as fam\u00edlias do Centro PAULUS de Conviv\u00eancia \u2013 Freguesia do \u00d3 foram convidadas para assistirem as apresenta\u00e7\u00f5es que as turmas ensaiaram e apreciarem os trabalhos expostos.<\/p>\n\n\n\n<p>Ao longo do ano todos passaram por diferentes linguagens, como dan\u00e7a, m\u00fasica, teatro, atividades f\u00edsicas e esportivas, jogos e brincadeiras, atividades tecnol\u00f3gicas, entre outras. Para o dia, as apresenta\u00e7\u00f5es foram de dan\u00e7a e m\u00fasica, encerrando com cantigas de Natal, que fizeram a alegria das fam\u00edlias presentes.<\/p>\n\n\n\n<p>A participa\u00e7\u00e3o das fam\u00edlias nesse espa\u00e7o \u00e9 essencial para o fortalecimento de v\u00ednculo dessa comunidade interna, tornando o Centro um verdadeiro espa\u00e7o de conviv\u00eancia, em que muitas fam\u00edlias descobrem e apreciam as habilidades das crian\u00e7as e adolescentes, estes que, muitas vezes, superam suas dificuldades, como a timidez, para realizarem as apresenta\u00e7\u00f5es. Esperamos que no pr\u00f3ximo ano essas a\u00e7\u00f5es se intensifiquem ainda mais!<\/p>\n","protected":false},"featured_media":9404,"template":"","tags":[],"class_list":["post-9403","noticias","type-noticias","status-publish","has-post-thumbnail","hentry"],"acf":[],"_links":{"self":[{"href":"https:\/\/www.paulus.com.br\/assistencia-social\/wp-json\/wp\/v2\/noticias\/9403","targetHints":{"allow":["GET"]}}],"collection":[{"href":"https:\/\/www.paulus.com.br\/assistencia-social\/wp-json\/wp\/v2\/noticias"}],"about":[{"href":"https:\/\/www.paulus.com.br\/assistencia-social\/wp-json\/wp\/v2\/types\/noticias"}],"wp:featuredmedia":[{"embeddable":true,"href":"https:\/\/www.paulus.com.br\/assistencia-social\/wp-json\/wp\/v2\/media\/9404"}],"wp:attachment":[{"href":"https:\/\/www.paulus.com.br\/assistencia-social\/wp-json\/wp\/v2\/media?parent=9403"}],"wp:term":[{"taxonomy":"post_tag","embeddable":true,"href":"https:\/\/www.paulus.com.br\/assistencia-social\/wp-json\/wp\/v2\/tags?post=9403"}],"curies":[{"name":"wp","href":"https:\/\/api.w.org\/{rel}","templated":true}]}}