{"id":9390,"date":"2024-12-16T15:26:26","date_gmt":"2024-12-16T18:26:26","guid":{"rendered":"https:\/\/www.paulus.com.br\/assistencia-social\/?post_type=noticias&#038;p=9390"},"modified":"2024-12-23T15:43:10","modified_gmt":"2024-12-23T18:43:10","slug":"centro-paulus-de-convivencia-osasco-celebra-confraternizacao-com-familias","status":"publish","type":"noticias","link":"https:\/\/www.paulus.com.br\/assistencia-social\/noticias\/centro-paulus-de-convivencia-osasco-celebra-confraternizacao-com-familias\/","title":{"rendered":"Centro PAULUS de Conviv\u00eancia \u2013 Osasco, celebra confraterniza\u00e7\u00e3o com fam\u00edlias"},"content":{"rendered":"\n<p>No dia 13 de dezembro, foi realizada a Confraterniza\u00e7\u00e3o em Fam\u00edlia no Centro PAULUS de Conviv\u00eancia &#8211; Osasco, um momento especial para celebrar o encerramento das atividades de 2024. Com a presen\u00e7a de cerca de 50 fam\u00edlias, o evento foi um reflexo da parceria e dedica\u00e7\u00e3o que marcaram nosso ano. Foi uma oportunidade para compartilhar conquistas, valorizar o talento de nossos jovens e fortalecer ainda mais os v\u00ednculos que nos unem como comunidade.<\/p>\n\n\n\n<p>A programa\u00e7\u00e3o contou com apresenta\u00e7\u00f5es preparadas pelos jovens ao longo das viv\u00eancias realizadas no centro de conviv\u00eancia. As apresenta\u00e7\u00f5es foram da m\u00fasica Mulher Rendeira, coreografias de m\u00fasicas e interpreta\u00e7\u00f5es de can\u00e7\u00f5es com mensagens inspiradoras, que emocionaram o p\u00fablico. Al\u00e9m disso, as fam\u00edlias puderam conferir produ\u00e7\u00f5es realizadas durante o ano, mostrando o resultado do trabalho comprometido e criativo dos participantes e educadores.<\/p>\n\n\n\n<p>O evento tamb\u00e9m teve um delicioso almo\u00e7o, um momento que refor\u00e7ou ainda mais o esp\u00edrito de acolhimento e gratid\u00e3o que permeia nosso trabalho. Foi uma celebra\u00e7\u00e3o cheia de significado, em que cada sorriso e gesto de carinho mostraram o impacto positivo que podemos gerar na vida dos nossos jovens e suas fam\u00edlias.<\/p>\n\n\n\n<p>Agradecemos a todos que participaram e contribu\u00edram para que esta confraterniza\u00e7\u00e3o fosse t\u00e3o especial. Estamos prontos para receber 2024 com energia renovada, fortalecendo ainda mais os v\u00ednculos e construindo novos caminhos para um futuro cheio de possibilidades. Que venham mais encontros e conquistas!<\/p>\n","protected":false},"featured_media":9391,"template":"","tags":[],"class_list":["post-9390","noticias","type-noticias","status-publish","has-post-thumbnail","hentry"],"acf":[],"_links":{"self":[{"href":"https:\/\/www.paulus.com.br\/assistencia-social\/wp-json\/wp\/v2\/noticias\/9390","targetHints":{"allow":["GET"]}}],"collection":[{"href":"https:\/\/www.paulus.com.br\/assistencia-social\/wp-json\/wp\/v2\/noticias"}],"about":[{"href":"https:\/\/www.paulus.com.br\/assistencia-social\/wp-json\/wp\/v2\/types\/noticias"}],"wp:featuredmedia":[{"embeddable":true,"href":"https:\/\/www.paulus.com.br\/assistencia-social\/wp-json\/wp\/v2\/media\/9391"}],"wp:attachment":[{"href":"https:\/\/www.paulus.com.br\/assistencia-social\/wp-json\/wp\/v2\/media?parent=9390"}],"wp:term":[{"taxonomy":"post_tag","embeddable":true,"href":"https:\/\/www.paulus.com.br\/assistencia-social\/wp-json\/wp\/v2\/tags?post=9390"}],"curies":[{"name":"wp","href":"https:\/\/api.w.org\/{rel}","templated":true}]}}