{"id":9382,"date":"2024-12-20T15:11:23","date_gmt":"2024-12-20T18:11:23","guid":{"rendered":"https:\/\/www.paulus.com.br\/assistencia-social\/?post_type=noticias&#038;p=9382"},"modified":"2024-12-23T15:14:51","modified_gmt":"2024-12-23T18:14:51","slug":"equipe-do-centro-paulus-de-convivencia-cotia-participa-de-ciclo-de-formacoes","status":"publish","type":"noticias","link":"https:\/\/www.paulus.com.br\/assistencia-social\/noticias\/equipe-do-centro-paulus-de-convivencia-cotia-participa-de-ciclo-de-formacoes\/","title":{"rendered":"Equipe do Centro PAULUS de Conviv\u00eancia \u2013 Cotia, participa de ciclo de forma\u00e7\u00f5es"},"content":{"rendered":"\n<p>Nos meses de novembro e dezembro, a equipe do Centro PAULUS de Conviv\u00eancia de Cotia, participou de quatro encontros para tratar de algumas das pautas relacionadas ao servi\u00e7o: Prote\u00e7\u00e3o B\u00e1sica e Tipifica\u00e7\u00e3o, Percurso, Pessoa idosa e Hist\u00f3rico da Assist\u00eancia social no Brasil e Prote\u00e7\u00e3o \u00e0 crian\u00e7a. Os encontros foram conduzidos e mediados por profissionais que j\u00e1 realizam forma\u00e7\u00f5es para o Assessoramento da PAULUS, contando com mestras e doutoras, com amplo conhecimento na Pol\u00edtica de Assist\u00eancia Social.<\/p>\n\n\n\n<p>Os encontros foram realizados com intuito de fomentar ferramentas t\u00e9cnicas para a equipe, visando uma atua\u00e7\u00e3o pautada em um compromisso social, Garantia de direitos, elabora\u00e7\u00e3o de percurso como ferramenta t\u00e9cnica segundo a Tipifica\u00e7\u00e3o, al\u00e9m de adicionar \u00e0 pauta elementos a respeito.<\/p>\n\n\n\n<p>O ciclo de forma\u00e7\u00f5es foi uma iniciativa da PAULUS Social para capacitar o m\u00e1ximo poss\u00edvel a equipe que ir\u00e1 realizar o atendimento na nova unidade, inaugurada no dia 26\/11\/2024, em parceria com a Secretaria de Desenvolvimento Social de Cotia.<\/p>\n","protected":false},"featured_media":9383,"template":"","tags":[],"class_list":["post-9382","noticias","type-noticias","status-publish","has-post-thumbnail","hentry"],"acf":[],"_links":{"self":[{"href":"https:\/\/www.paulus.com.br\/assistencia-social\/wp-json\/wp\/v2\/noticias\/9382","targetHints":{"allow":["GET"]}}],"collection":[{"href":"https:\/\/www.paulus.com.br\/assistencia-social\/wp-json\/wp\/v2\/noticias"}],"about":[{"href":"https:\/\/www.paulus.com.br\/assistencia-social\/wp-json\/wp\/v2\/types\/noticias"}],"wp:featuredmedia":[{"embeddable":true,"href":"https:\/\/www.paulus.com.br\/assistencia-social\/wp-json\/wp\/v2\/media\/9383"}],"wp:attachment":[{"href":"https:\/\/www.paulus.com.br\/assistencia-social\/wp-json\/wp\/v2\/media?parent=9382"}],"wp:term":[{"taxonomy":"post_tag","embeddable":true,"href":"https:\/\/www.paulus.com.br\/assistencia-social\/wp-json\/wp\/v2\/tags?post=9382"}],"curies":[{"name":"wp","href":"https:\/\/api.w.org\/{rel}","templated":true}]}}