{"id":9374,"date":"2024-12-23T14:26:54","date_gmt":"2024-12-23T17:26:54","guid":{"rendered":"https:\/\/www.paulus.com.br\/assistencia-social\/?post_type=noticias&#038;p=9374"},"modified":"2024-12-23T14:26:55","modified_gmt":"2024-12-23T17:26:55","slug":"evento-de-encerramento-de-percurso-acontece-na-vila-mariana","status":"publish","type":"noticias","link":"https:\/\/www.paulus.com.br\/assistencia-social\/noticias\/evento-de-encerramento-de-percurso-acontece-na-vila-mariana\/","title":{"rendered":"Evento de encerramento de percurso acontece na Vila Mariana"},"content":{"rendered":"\n<p>No dia 04 de dezembro, a equipe de atendimento do Centro PAULUS de Conviv\u00eancia \u2013 Vila Mariana realizou um evento para celebrar o atendimento do percurso de 2024. Al\u00e9m da equipe direta, estiveram presentes, no Audit\u00f3rio Padre Tiago Alberione, na FAPCOM, atendidos, fam\u00edlias, ex-atendidos, adolescentes da unidade de Osasco, equipe de atendimento de Cotia e outros trabalhadores da PAULUS.<\/p>\n\n\n\n<p>O evento foi apresentado por duas adolescentes da unidade, com muita desenvoltura e organiza\u00e7\u00e3o. O in\u00edcio foi com duas adolescentes convidadas do Centro PAULUS de Conviv\u00eancia \u2013 Osasco, que, com um dos educadores, fizeram uma apresenta\u00e7\u00e3o musical. Depois foi apresentado um v\u00eddeo com a retrospectiva do atendimento em 2024, mostrando momentos marcantes do atendimento, com muita intera\u00e7\u00e3o, visitas, fotografias, sorrisos e muito mais.<\/p>\n\n\n\n<p>Seguiram para a apresenta\u00e7\u00e3o audiovisual das produ\u00e7\u00f5es dos atendidos. Tr\u00eas grupos mostraram um pouco do que fizeram nos \u00faltimos meses, com entrevista, um podcast, o \u201cPapo Social\u201d e um curta-metragem, \u201cO Santo Poeta\u201d, que foi gravado em v\u00e1rias partes de S\u00e3o Paulo e em Osasco. O v\u00eddeo, com excelente produ\u00e7\u00e3o audiovisual, teve o roteiro, dire\u00e7\u00e3o e atua\u00e7\u00e3o feitos pelos adolescentes e jovens. Para finalizar o evento, os atendidos receberam seus certificados de participa\u00e7\u00e3o, um s\u00edmbolo de toda a dedica\u00e7\u00e3o que tiveram no ano.<\/p>\n","protected":false},"featured_media":9375,"template":"","tags":[],"class_list":["post-9374","noticias","type-noticias","status-publish","has-post-thumbnail","hentry"],"acf":[],"_links":{"self":[{"href":"https:\/\/www.paulus.com.br\/assistencia-social\/wp-json\/wp\/v2\/noticias\/9374","targetHints":{"allow":["GET"]}}],"collection":[{"href":"https:\/\/www.paulus.com.br\/assistencia-social\/wp-json\/wp\/v2\/noticias"}],"about":[{"href":"https:\/\/www.paulus.com.br\/assistencia-social\/wp-json\/wp\/v2\/types\/noticias"}],"wp:featuredmedia":[{"embeddable":true,"href":"https:\/\/www.paulus.com.br\/assistencia-social\/wp-json\/wp\/v2\/media\/9375"}],"wp:attachment":[{"href":"https:\/\/www.paulus.com.br\/assistencia-social\/wp-json\/wp\/v2\/media?parent=9374"}],"wp:term":[{"taxonomy":"post_tag","embeddable":true,"href":"https:\/\/www.paulus.com.br\/assistencia-social\/wp-json\/wp\/v2\/tags?post=9374"}],"curies":[{"name":"wp","href":"https:\/\/api.w.org\/{rel}","templated":true}]}}