{"id":9362,"date":"2024-12-11T10:24:13","date_gmt":"2024-12-11T13:24:13","guid":{"rendered":"https:\/\/www.paulus.com.br\/assistencia-social\/?post_type=noticias&#038;p=9362"},"modified":"2024-12-11T10:24:14","modified_gmt":"2024-12-11T13:24:14","slug":"processo-formativo-com-a-tematica-elaboracao-de-relatorios-e-escrita-confere-exitosa-conclusao-do-programa-inovasuas-em-sao-paulo-no-ano-de-2024","status":"publish","type":"noticias","link":"https:\/\/www.paulus.com.br\/assistencia-social\/noticias\/processo-formativo-com-a-tematica-elaboracao-de-relatorios-e-escrita-confere-exitosa-conclusao-do-programa-inovasuas-em-sao-paulo-no-ano-de-2024\/","title":{"rendered":"Processo formativo com a tem\u00e1tica &#8211; Elabora\u00e7\u00e3o de Relat\u00f3rios e Escrita confere exitosa conclus\u00e3o do Programa InovaSUAS em S\u00e3o Paulo no ano de 2024"},"content":{"rendered":"\n<p>Nos dias 03 e 04 de dezembro, aconteceu no Espa\u00e7o P\u00fablico do Aprender Social (ESPASO), mais uma edi\u00e7\u00e3o do processo formativo \u201cElabora\u00e7\u00e3o de Relat\u00f3rios e Escrita\u201d, atrav\u00e9s da parceria entre a Secretaria Municipal de Assist\u00eancia e Desenvolvimento Social (SMADS) e o assessoramento da PAULUS Social.<\/p>\n\n\n\n<p>A forma\u00e7\u00e3o teve como foco o aprimoramento na elabora\u00e7\u00e3o de relat\u00f3rios, um instrumento crucial para sistematizar a pr\u00e1tica nos servi\u00e7os de Assist\u00eancia Social e qualificar as respostas ofertadas \u00e0 popula\u00e7\u00e3o atendida, bem como propiciar aos profissionais, ferramentas para o desenvolvimento de habilidades em escrita t\u00e9cnica.<\/p>\n\n\n\n<p>O processo formativo contou com a presen\u00e7a de 47 profissionais, que foram contemplados com 16 horas formativas, distribu\u00eddas ao longo de dois dias, conduzido por Kajali Lima Vitorio, que \u00e9 assistente social, doutoranda pelo programa de p\u00f3s-gradua\u00e7\u00e3o em servi\u00e7o social da Universidade Estadual do Rio de Janeiro (UERJ).<\/p>\n\n\n\n<p>Envoltos em uma atmosfera integrativa e interativa, os participantes puderam analisar, refletir e elaborar relat\u00f3rios em tempo real, conectando teoria e pr\u00e1tica a partir de suas respectivas \u00e1reas de atua\u00e7\u00e3o.<\/p>\n\n\n\n<p>O Programa InovaSUAS \u00e9 estruturado na capacita\u00e7\u00e3o e forma\u00e7\u00e3o de lideran\u00e7as e usu\u00e1rios dos servi\u00e7os, programas e projetos da rede socioassistencial e profissionais ligados \u00e0 rede de servi\u00e7os que visam desenvolver seu conhecimento nas mais diversas tem\u00e1ticas do SUAS, com forma\u00e7\u00f5es gratuitas presentes em todo territ\u00f3rio nacional.<\/p>\n","protected":false},"featured_media":9363,"template":"","tags":[],"class_list":["post-9362","noticias","type-noticias","status-publish","has-post-thumbnail","hentry"],"acf":[],"_links":{"self":[{"href":"https:\/\/www.paulus.com.br\/assistencia-social\/wp-json\/wp\/v2\/noticias\/9362","targetHints":{"allow":["GET"]}}],"collection":[{"href":"https:\/\/www.paulus.com.br\/assistencia-social\/wp-json\/wp\/v2\/noticias"}],"about":[{"href":"https:\/\/www.paulus.com.br\/assistencia-social\/wp-json\/wp\/v2\/types\/noticias"}],"wp:featuredmedia":[{"embeddable":true,"href":"https:\/\/www.paulus.com.br\/assistencia-social\/wp-json\/wp\/v2\/media\/9363"}],"wp:attachment":[{"href":"https:\/\/www.paulus.com.br\/assistencia-social\/wp-json\/wp\/v2\/media?parent=9362"}],"wp:term":[{"taxonomy":"post_tag","embeddable":true,"href":"https:\/\/www.paulus.com.br\/assistencia-social\/wp-json\/wp\/v2\/tags?post=9362"}],"curies":[{"name":"wp","href":"https:\/\/api.w.org\/{rel}","templated":true}]}}