{"id":9354,"date":"2024-12-11T10:10:01","date_gmt":"2024-12-11T13:10:01","guid":{"rendered":"https:\/\/www.paulus.com.br\/assistencia-social\/?post_type=noticias&#038;p=9354"},"modified":"2024-12-11T10:10:01","modified_gmt":"2024-12-11T13:10:01","slug":"programa-de-assessoramento-da-paulus-social-encerra-ciclo-formativo-de-2024","status":"publish","type":"noticias","link":"https:\/\/www.paulus.com.br\/assistencia-social\/noticias\/programa-de-assessoramento-da-paulus-social-encerra-ciclo-formativo-de-2024\/","title":{"rendered":"Programa de assessoramento da PAULUS Social encerra ciclo formativo de 2024"},"content":{"rendered":"\n<p>Nos dias 03 e 04 de dezembro o programa de assessoramento da PAULUS Social encerrou suas atividades formativas de 2024, na cidade de Salvador\/BA. A forma\u00e7\u00e3o &#8220;Produ\u00e7\u00e3o t\u00e9cnica de relat\u00f3rios e pareceres sociais&#8221; foi oportunizada pela parceria estabelecida com a Secretaria de Promo\u00e7\u00e3o Social, Combate \u00e0 Pobreza, Esportes e Lazer \u2013 SEMPRE, tendo sido realizada em seu audit\u00f3rio.&nbsp;<\/p>\n\n\n\n<p>Conduzida por M\u00e1rcia Eurico, assistente social com doutorado em servi\u00e7o social e com pesquisa voltada \u00e0s rela\u00e7\u00f5es \u00e9tnico-raciais, racismo institucional e inf\u00e2ncias, a forma\u00e7\u00e3o voltada para profissionais da Pol\u00edtica de Assist\u00eancia Social buscou desenvolver uma an\u00e1lise cr\u00edtica da realidade social, considerando quest\u00f5es de classe, g\u00eanero e ra\u00e7a\/etnia. Propondo tamb\u00e9m que a produ\u00e7\u00e3o t\u00e9cnica v\u00e1 al\u00e9m da burocracia, incorporando perspectivas anticapitalistas, antirracistas e antissexistas. O objetivo \u00e9 ampliar a compreens\u00e3o sobre as fam\u00edlias e indiv\u00edduos que buscam prote\u00e7\u00e3o social, al\u00e9m de qualificar as ferramentas para atender \u00e0s suas demandas nas pol\u00edticas sociais.<\/p>\n\n\n\n<p>O processo formativo, vinculado ao Programa InovaSUAS, proporcionou que os participantes pudessem refletir sobre a instrumentalidade e a intencionalidade do trabalho profissional. Esse \u00e9 um passo crucial na descri\u00e7\u00e3o minuciosa da realidade social, considerando fatores fundamentais como classe social, ra\u00e7a\/etnia e g\u00eanero. Esses elementos est\u00e3o interligados e impactam diretamente as condi\u00e7\u00f5es de vida das pessoas e as respostas institucionais a essas condi\u00e7\u00f5es. Ao registrar essas rela\u00e7\u00f5es nas produ\u00e7\u00f5es t\u00e9cnicas, como laudos e pareceres, o profissional tem a responsabilidade de refletir sobre como esses fatores sociais se cruzam e influenciam as trajet\u00f3rias individuais&nbsp;e&nbsp;coletivas.<\/p>\n\n\n\n<p>Como em todas as atividades realizadas em Salvador, contamos com o apoio da PAULUS Livraria, respons\u00e1vel por proporcionar o coffee break e a disponibiliza\u00e7\u00e3o dos materiais pedag\u00f3gicos para a forma\u00e7\u00e3o, expressando a intr\u00ednseca conex\u00e3o das demais \u00e1reas da institui\u00e7\u00e3o na execu\u00e7\u00e3o de suas ofertas socioassistenciais.<\/p>\n\n\n\n<p>Uma primeira edi\u00e7\u00e3o deste processo formativo foi realizada nos dias 17 e 18 de setembro, com mesma forma e conte\u00fado, para outro p\u00fablico participante. Tendo, as edi\u00e7\u00f5es somadas, contemplado cerca de 80 trabalhadores.<\/p>\n\n\n\n<p>A PAULUS Social encerra as atividades do seu programa de assessoramento com expressiva dimens\u00e3o quantitativa e com incomensur\u00e1vel dimens\u00e3o qualitativa. Deste modo, ratifica seu compromisso com a Pol\u00edtica P\u00fablica de Assist\u00eancia Social e com o fortalecimento do Sistema \u00danico de Assist\u00eancia Social.<\/p>\n\n\n\n<p>&nbsp;O Programa InovaSUAS \u00e9 estruturado na capacita\u00e7\u00e3o e forma\u00e7\u00e3o de lideran\u00e7as e usu\u00e1rios dos<\/p>\n\n\n\n<p>servi\u00e7os, programas e projetos da rede socioassistencial e profissionais ligados \u00e0 rede de servi\u00e7os que visam desenvolver seu conhecimento nas mais diversas tem\u00e1ticas do SUAS, com forma\u00e7\u00f5es gratuitas presentes em todo o territ\u00f3rio nacional.<\/p>\n\n\n\n<p><\/p>\n","protected":false},"featured_media":9355,"template":"","tags":[],"class_list":["post-9354","noticias","type-noticias","status-publish","has-post-thumbnail","hentry"],"acf":[],"_links":{"self":[{"href":"https:\/\/www.paulus.com.br\/assistencia-social\/wp-json\/wp\/v2\/noticias\/9354","targetHints":{"allow":["GET"]}}],"collection":[{"href":"https:\/\/www.paulus.com.br\/assistencia-social\/wp-json\/wp\/v2\/noticias"}],"about":[{"href":"https:\/\/www.paulus.com.br\/assistencia-social\/wp-json\/wp\/v2\/types\/noticias"}],"wp:featuredmedia":[{"embeddable":true,"href":"https:\/\/www.paulus.com.br\/assistencia-social\/wp-json\/wp\/v2\/media\/9355"}],"wp:attachment":[{"href":"https:\/\/www.paulus.com.br\/assistencia-social\/wp-json\/wp\/v2\/media?parent=9354"}],"wp:term":[{"taxonomy":"post_tag","embeddable":true,"href":"https:\/\/www.paulus.com.br\/assistencia-social\/wp-json\/wp\/v2\/tags?post=9354"}],"curies":[{"name":"wp","href":"https:\/\/api.w.org\/{rel}","templated":true}]}}