{"id":9344,"date":"2024-12-10T17:40:03","date_gmt":"2024-12-10T20:40:03","guid":{"rendered":"https:\/\/www.paulus.com.br\/assistencia-social\/?post_type=noticias&#038;p=9344"},"modified":"2024-12-10T17:40:03","modified_gmt":"2024-12-10T20:40:03","slug":"aconteceu-em-sao-lourenco-da-mata-a-ultima-formacao-do-programa-direito-e-cidadania-em-pernambuco-do-ano-de-2024","status":"publish","type":"noticias","link":"https:\/\/www.paulus.com.br\/assistencia-social\/noticias\/aconteceu-em-sao-lourenco-da-mata-a-ultima-formacao-do-programa-direito-e-cidadania-em-pernambuco-do-ano-de-2024\/","title":{"rendered":"Aconteceu em S\u00e3o Louren\u00e7o da Mata a \u00faltima forma\u00e7\u00e3o do Programa Direito e Cidadania em Pernambuco do ano de 2024"},"content":{"rendered":"\n<p>Nos dias 26 e 27 de novembro, sucedeu mais uma edi\u00e7\u00e3o do Programa Direito e Cidadania, forma\u00e7\u00e3o realizada pela PAULUS Social em parceria com a Articula\u00e7\u00e3o dos Servi\u00e7os de Conviv\u00eancia e Fortalecimento de V\u00ednculos (SCFV) da Regi\u00e3o Metropolitana do Recife e a Secretaria de Desenvolvimento Social, Mulher, Trabalho e Promo\u00e7\u00e3o \u00e0 Cidadania de S\u00e3o Louren\u00e7o da Mata\/PE.<\/p>\n\n\n\n<p>O processo formativo teve como foco o aperfei\u00e7oamento profissional dos educadores sociais dos SCFV, com participa\u00e7\u00e3o consistente desses profissionais atuantes nas cidades de S\u00e3o Louren\u00e7o, Paulista, Camaragibe, Olinda e Paudalho.&nbsp;<\/p>\n\n\n\n<p>A forma\u00e7\u00e3o ocorreu no Centro Social Urbano, espa\u00e7o que congrega a oferta de servi\u00e7os diversos aos cidad\u00e3os pernambucanos, e contemplou cerca de 36 trabalhadores. Com carga hor\u00e1ria total de 16 horas, distribu\u00eddas ao longo de dois dias, o percurso formativo foi conduzido pela Assistente Social Neila Soledade, p\u00f3s-graduada em Gest\u00e3o P\u00fablica com \u00eanfase em projetos sociais.<\/p>\n\n\n\n<p>No decorrer dos dois dias de forma\u00e7\u00e3o, as atividades propostas convidaram os participantes a refletirem sobre a pr\u00e1tica cotidiana, possibilitando an\u00e1lise cr\u00edtica sobre suas atua\u00e7\u00f5es hodiernas, e propondo a concep\u00e7\u00e3o de novas abordagens, alinhadas \u00e0s normativas vigentes, bem como foram realizadas oficinas e atividades com a finalidade de facilitar a apreens\u00e3o do conte\u00fado, gerando resultados humanizados e inspiradores.<\/p>\n\n\n\n<p>O Programa Direito e Cidadania \u00e9 estruturado para requalificar a atua\u00e7\u00e3o de trabalhadores de Servi\u00e7os de Conviv\u00eancia e Fortalecimento de V\u00ednculos (SCFV), tendo como elemento facilitador o kit de livros da PAULUS, exclusivamente elaborado para esta finalidade.<\/p>\n","protected":false},"featured_media":9345,"template":"","tags":[],"class_list":["post-9344","noticias","type-noticias","status-publish","has-post-thumbnail","hentry"],"acf":[],"_links":{"self":[{"href":"https:\/\/www.paulus.com.br\/assistencia-social\/wp-json\/wp\/v2\/noticias\/9344","targetHints":{"allow":["GET"]}}],"collection":[{"href":"https:\/\/www.paulus.com.br\/assistencia-social\/wp-json\/wp\/v2\/noticias"}],"about":[{"href":"https:\/\/www.paulus.com.br\/assistencia-social\/wp-json\/wp\/v2\/types\/noticias"}],"wp:featuredmedia":[{"embeddable":true,"href":"https:\/\/www.paulus.com.br\/assistencia-social\/wp-json\/wp\/v2\/media\/9345"}],"wp:attachment":[{"href":"https:\/\/www.paulus.com.br\/assistencia-social\/wp-json\/wp\/v2\/media?parent=9344"}],"wp:term":[{"taxonomy":"post_tag","embeddable":true,"href":"https:\/\/www.paulus.com.br\/assistencia-social\/wp-json\/wp\/v2\/tags?post=9344"}],"curies":[{"name":"wp","href":"https:\/\/api.w.org\/{rel}","templated":true}]}}