{"id":9333,"date":"2024-12-10T17:10:05","date_gmt":"2024-12-10T20:10:05","guid":{"rendered":"https:\/\/www.paulus.com.br\/assistencia-social\/?post_type=noticias&#038;p=9333"},"modified":"2024-12-10T17:10:06","modified_gmt":"2024-12-10T20:10:06","slug":"programa-direito-e-cidadania-capacita-mais-de-300-educadores-sociais-na-capital-de-sao-paulo","status":"publish","type":"noticias","link":"https:\/\/www.paulus.com.br\/assistencia-social\/noticias\/programa-direito-e-cidadania-capacita-mais-de-300-educadores-sociais-na-capital-de-sao-paulo\/","title":{"rendered":"Programa Direito e Cidadania capacita mais de 300 educadores sociais na capital de S\u00e3o Paulo"},"content":{"rendered":"\n<p>O assessoramento da PAULUS Social, atrav\u00e9s do Programa Direito e Cidadania, em parceria com a Secretaria Municipal de Assist\u00eancia e Desenvolvimento Social (SMADS) e o Espa\u00e7o do Aprender Social (ESPASO), realizou em 2024 oito processos formativos com a tem\u00e1tica: &#8220;Servi\u00e7o de Conviv\u00eancia e Fortalecimento de V\u00ednculos: organiza\u00e7\u00e3o e pr\u00e1tica cotidiana&#8221;.<\/p>\n\n\n\n<p>A forma\u00e7\u00e3o abordou aspectos essenciais da pr\u00e1tica cotidiana nos servi\u00e7os de conviv\u00eancia, refor\u00e7ando a import\u00e2ncia de atividades estruturadas em percursos e que promovam o fortalecimento de v\u00ednculos familiares e comunit\u00e1rios. O processo foi conduzido pelos meandros dos aspectos normativos, estruturais, relacionais e org\u00e2nicos que conferem a exist\u00eancia do Servi\u00e7o de Conviv\u00eancia e Fortalecimento de V\u00ednculos (SCFV) e din\u00e2micas pr\u00e1ticas, favorecendo a aplica\u00e7\u00e3o de metodologias inovadoras e alinhadas \u00e0s diretrizes da Pol\u00edtica Nacional de Assist\u00eancia Social (PNAS) e ao carisma da PAULUS atrav\u00e9s do kit de livros do Programa, desenvolvidos exclusivamente para este fim.<\/p>\n\n\n\n<p>Realizada em um ambiente de di\u00e1logo e aprendizado m\u00fatuos, a a\u00e7\u00e3o destacou-se pelo recorte do p\u00fablico-alvo, que tinha como objetivo alcan\u00e7ar os educadores sociais dos SCFV, o que possibilitou que os participantes se reconhecessem enquanto classe trabalhadora, o que colaborou tamb\u00e9m com este espa\u00e7o de aprendizagem e impactou o desenvolvimento dos trabalhos. O desenrolar dos encontros se deu atrav\u00e9s de provoca\u00e7\u00f5es filos\u00f3ficas como estrat\u00e9gia de estimulo da curiosidade, da criatividade e da imagina\u00e7\u00e3o dos participantes. Para tal, os encontros contaram com a media\u00e7\u00e3o de Fernanda Garcia, doutoranda em Servi\u00e7o Social pelo PPGSS da Universidade Estadual Paulista (UNESP), mestre e bacharel em Servi\u00e7o Social pela mesma institui\u00e7\u00e3o de ensino.&nbsp;<\/p>\n\n\n\n<p>Como representante do Assessoramento da PAULUS, esteve presente a analista de projetos sociais Anna Caroline Gama, especialista em Servi\u00e7o Social e Pol\u00edticas P\u00fablicas, que acompanhou todo o processo de prepara\u00e7\u00e3o para os encontros, prestando suporte tanto \u00e0 parceria quanto \u00e0 formadora, certificando que as forma\u00e7\u00f5es estivessem alinhadas com as diretrizes da PAULUS e da Pol\u00edtica de Assist\u00eancia Social.<\/p>\n\n\n\n<p>A parceria entre a PAULUS Social, SMADS e ESPASO evidencia o compromisso com a forma\u00e7\u00e3o cont\u00ednua dos trabalhadores do Sistema \u00danico de Assist\u00eancia Social (SUAS) e o aprimoramento da qualidade dos servi\u00e7os prestados \u00e0 popula\u00e7\u00e3o.<\/p>\n\n\n\n<p>O Programa Direito e Cidadania \u00e9 estruturado para requalificar a atua\u00e7\u00e3o de trabalhadores de Servi\u00e7os de Conviv\u00eancia e Fortalecimento de V\u00ednculos \u2013 SCFV, tendo como elemento facilitador o kit de livros da PAULUS, exclusivamente elaborado para esta finalidade.<\/p>\n","protected":false},"featured_media":9334,"template":"","tags":[],"class_list":["post-9333","noticias","type-noticias","status-publish","has-post-thumbnail","hentry"],"acf":[],"_links":{"self":[{"href":"https:\/\/www.paulus.com.br\/assistencia-social\/wp-json\/wp\/v2\/noticias\/9333","targetHints":{"allow":["GET"]}}],"collection":[{"href":"https:\/\/www.paulus.com.br\/assistencia-social\/wp-json\/wp\/v2\/noticias"}],"about":[{"href":"https:\/\/www.paulus.com.br\/assistencia-social\/wp-json\/wp\/v2\/types\/noticias"}],"wp:featuredmedia":[{"embeddable":true,"href":"https:\/\/www.paulus.com.br\/assistencia-social\/wp-json\/wp\/v2\/media\/9334"}],"wp:attachment":[{"href":"https:\/\/www.paulus.com.br\/assistencia-social\/wp-json\/wp\/v2\/media?parent=9333"}],"wp:term":[{"taxonomy":"post_tag","embeddable":true,"href":"https:\/\/www.paulus.com.br\/assistencia-social\/wp-json\/wp\/v2\/tags?post=9333"}],"curies":[{"name":"wp","href":"https:\/\/api.w.org\/{rel}","templated":true}]}}