{"id":9311,"date":"2024-12-04T14:45:44","date_gmt":"2024-12-04T17:45:44","guid":{"rendered":"https:\/\/www.paulus.com.br\/assistencia-social\/?post_type=noticias&#038;p=9311"},"modified":"2024-12-04T14:45:45","modified_gmt":"2024-12-04T17:45:45","slug":"paulus-social-inicia-parceria-em-sao-roque-sp","status":"publish","type":"noticias","link":"https:\/\/www.paulus.com.br\/assistencia-social\/noticias\/paulus-social-inicia-parceria-em-sao-roque-sp\/","title":{"rendered":"PAULUS Social inicia parceria em S\u00e3o Roque\/SP"},"content":{"rendered":"\n<p>O Assessoramento da PAULUS Social, em parceria com o Conselho Municipal de Assist\u00eancia Social (CMAS) de S\u00e3o Roque e a Associa\u00e7\u00e3o CASA, realizou nos dias 26 e 27 de novembro o Semin\u00e1rio \u201cEixos estruturantes do SUAS\u201d, por meio do Programa InovaSUAS. O encontro aconteceu na C\u00e2mara Municipal de S\u00e3o Roque.<\/p>\n\n\n\n<p>A forma\u00e7\u00e3o teve como objetivo apresentar conceitos, fundamentos legais e reflex\u00f5es que contribu\u00edssem para a apropria\u00e7\u00e3o acerca dos eixos que estruturam o Sistema \u00danico de Assist\u00eancia Social (SUAS). O encontro foi mediado por Carlos Eduardo Ferrari, administrador pela Universidade Municipal de S\u00e3o Caetano do Sul (USCS), p\u00f3s-graduado em Marketing e Comunica\u00e7\u00e3o Persuasiva pela Funda\u00e7\u00e3o C\u00e1sper L\u00edbero e mestre em Administra\u00e7\u00e3o tamb\u00e9m pela USCS.<\/p>\n\n\n\n<p>O encontro, com carga hor\u00e1ria de 16h, foi dividido em dois dias, cada um com 8h com conte\u00fado expositivo e atividades em grupos, contando com a participa\u00e7\u00e3o de 68 trabalhadores e trabalhadoras do SUAS das cidades de S\u00e3o Roque e Ibi\u00fana\/SP. Os participantes puderam aprofundar seus conhecimentos sobre os aspectos hist\u00f3ricos, pol\u00edticos e \u00e9ticos que marcaram a constru\u00e7\u00e3o e consolida\u00e7\u00e3o da Pol\u00edtica de Assist\u00eancia Social, refletir sobre as inst\u00e2ncias de controle social, as ofertas socioassistenciais e os aspectos que permeiam a gest\u00e3o e o financiamento do SUAS.<\/p>\n\n\n\n<p>Foram dois dias intensos, repletos de di\u00e1logos e que ofereceram aos participantes um ambiente onde puderam refletir sobre o SUAS em suas tr\u00eas dimens\u00f5es: Pol\u00edtica, \u00c9tica e T\u00e9cnica.<\/p>\n\n\n\n<p>Como representante do Assessoramento da PAULUS, esteve presente a analista de projetos sociais Anna Caroline Gama, especialista em Servi\u00e7o Social e Pol\u00edticas P\u00fablicas, que acompanhou todo o processo de prepara\u00e7\u00e3o para o encontro, prestando suporte tanto \u00e0 parceria quanto ao formador, certificando que o Semin\u00e1rio estivesse alinhado com as diretrizes da PAULUS e da Pol\u00edtica de Assist\u00eancia Social. Estavam presentes tamb\u00e9m, representando o CMAS, a presidente do Conselho Helena Pinheiro Azenha e, representando a Associa\u00e7\u00e3o CASA, os diretores D\u00e9bora Fahur e T\u00e9rcio S\u00e1 Freire.<\/p>\n\n\n\n<p>O Programa InovaSUAS \u00e9 estruturado na capacita\u00e7\u00e3o e forma\u00e7\u00e3o de lideran\u00e7as e usu\u00e1rios dos servi\u00e7os, programas e projetos da rede socioassistencial e profissionais ligados \u00e0 rede de servi\u00e7os que visam desenvolver seu conhecimento nas mais diversas tem\u00e1ticas do SUAS, com forma\u00e7\u00f5es gratuitas presentes em todo o territ\u00f3rio nacional.<\/p>\n","protected":false},"featured_media":9312,"template":"","tags":[],"class_list":["post-9311","noticias","type-noticias","status-publish","has-post-thumbnail","hentry"],"acf":[],"_links":{"self":[{"href":"https:\/\/www.paulus.com.br\/assistencia-social\/wp-json\/wp\/v2\/noticias\/9311","targetHints":{"allow":["GET"]}}],"collection":[{"href":"https:\/\/www.paulus.com.br\/assistencia-social\/wp-json\/wp\/v2\/noticias"}],"about":[{"href":"https:\/\/www.paulus.com.br\/assistencia-social\/wp-json\/wp\/v2\/types\/noticias"}],"wp:featuredmedia":[{"embeddable":true,"href":"https:\/\/www.paulus.com.br\/assistencia-social\/wp-json\/wp\/v2\/media\/9312"}],"wp:attachment":[{"href":"https:\/\/www.paulus.com.br\/assistencia-social\/wp-json\/wp\/v2\/media?parent=9311"}],"wp:term":[{"taxonomy":"post_tag","embeddable":true,"href":"https:\/\/www.paulus.com.br\/assistencia-social\/wp-json\/wp\/v2\/tags?post=9311"}],"curies":[{"name":"wp","href":"https:\/\/api.w.org\/{rel}","templated":true}]}}