{"id":9295,"date":"2024-12-04T13:51:22","date_gmt":"2024-12-04T16:51:22","guid":{"rendered":"https:\/\/www.paulus.com.br\/assistencia-social\/?post_type=noticias&#038;p=9295"},"modified":"2024-12-04T14:52:57","modified_gmt":"2024-12-04T17:52:57","slug":"jovens-em-acao-aprendizado-criatividade-e-reflexao-no-centro-paulus-de-convivencia-vila-mariana","status":"publish","type":"noticias","link":"https:\/\/www.paulus.com.br\/assistencia-social\/noticias\/jovens-em-acao-aprendizado-criatividade-e-reflexao-no-centro-paulus-de-convivencia-vila-mariana\/","title":{"rendered":"Jovens em A\u00e7\u00e3o: Aprendizado, Criatividade e Reflex\u00e3o no Centro PAULUS de Conviv\u00eancia Vila Mariana"},"content":{"rendered":"\n<p>Nos meses de outubro e novembro, os adolescentes do Centro PAULUS de Conviv\u00eancia &#8211; Vila Mariana participaram de atividades enriquecedoras, que combinaram aprendizado pr\u00e1tico, criatividade e reflex\u00e3o.<\/p>\n\n\n\n<p>Nas atividades do mundo do trabalho, os adolescentes visitaram o departamento de TIC da PAULUS, onde tiveram a oportunidade de conhecer mais sobre a \u00e1rea, explorar fun\u00e7\u00f5es espec\u00edficas e entender o impacto da tecnologia no mercado profissional. Al\u00e9m disso, em parceria com o CIEE, foram realizadas as oficinas de criatividade que abordaram temas como identidade, din\u00e2micas em grupo e diversidade.<\/p>\n\n\n\n<p>Nas atividades audiovisual, os atendidos desenvolveram um curta-metragem com os temas de autoconhecimento e identidade. A produ\u00e7\u00e3o do curta permitiu que os adolescentes explorassem diferentes formas de express\u00e3o art\u00edstica enquanto refletiam sobre suas pr\u00f3prias hist\u00f3rias e viv\u00eancias. O resultado final da produ\u00e7\u00e3o ser\u00e1 exibido no evento de encerramento do percurso.<\/p>\n","protected":false},"featured_media":9303,"template":"","tags":[],"class_list":["post-9295","noticias","type-noticias","status-publish","has-post-thumbnail","hentry"],"acf":[],"_links":{"self":[{"href":"https:\/\/www.paulus.com.br\/assistencia-social\/wp-json\/wp\/v2\/noticias\/9295","targetHints":{"allow":["GET"]}}],"collection":[{"href":"https:\/\/www.paulus.com.br\/assistencia-social\/wp-json\/wp\/v2\/noticias"}],"about":[{"href":"https:\/\/www.paulus.com.br\/assistencia-social\/wp-json\/wp\/v2\/types\/noticias"}],"wp:featuredmedia":[{"embeddable":true,"href":"https:\/\/www.paulus.com.br\/assistencia-social\/wp-json\/wp\/v2\/media\/9303"}],"wp:attachment":[{"href":"https:\/\/www.paulus.com.br\/assistencia-social\/wp-json\/wp\/v2\/media?parent=9295"}],"wp:term":[{"taxonomy":"post_tag","embeddable":true,"href":"https:\/\/www.paulus.com.br\/assistencia-social\/wp-json\/wp\/v2\/tags?post=9295"}],"curies":[{"name":"wp","href":"https:\/\/api.w.org\/{rel}","templated":true}]}}