{"id":9291,"date":"2024-12-04T11:45:22","date_gmt":"2024-12-04T14:45:22","guid":{"rendered":"https:\/\/www.paulus.com.br\/assistencia-social\/?post_type=noticias&#038;p=9291"},"modified":"2024-12-04T14:51:03","modified_gmt":"2024-12-04T17:51:03","slug":"servico-de-convivencia-e-fortalecimento-de-vinculos-scfv-em-osasco","status":"publish","type":"noticias","link":"https:\/\/www.paulus.com.br\/assistencia-social\/noticias\/servico-de-convivencia-e-fortalecimento-de-vinculos-scfv-em-osasco\/","title":{"rendered":"Servi\u00e7o de Conviv\u00eancia e Fortalecimento de V\u00ednculos (SCFV) em Osasco"},"content":{"rendered":"\n<p>Com inten\u00e7\u00e3o de criar espa\u00e7os de troca de experi\u00eancias entre os profissionais do Servi\u00e7o de<br>Conviv\u00eancia e Fortalecimento de V\u00ednculos (SCFV), e de organizar uma forma de estudar, criar<br>oportunidades de capacita\u00e7\u00e3o aos educadores e aos t\u00e9cnicos de refer\u00eancia e multiplicar o conhecimento, a gerente da Prote\u00e7\u00e3o Social B\u00e1sica do munic\u00edpio de Osasco, Rita Cec\u00edlia Rosa Bianchini, juntamente da sua equipe t\u00e9cnica, no in\u00edcio de 2024, criaram um Grupo de Estudos.<\/p>\n\n\n\n<p>Durante o ano aconteceram encontros mensais de 1h30min para serem estudadas as quest\u00f5es do<br>Caderno &#8220;Perguntas Frequentes sobre o SCFV&#8221;, sendo que o primeiro, o pen\u00faltimo e o \u00faltimo encontro<br>foram presenciais e os demais \u00e0 dist\u00e2ncia. Projetados para que em cada novo encontro formativo uma<br>dupla de t\u00e9cnico com educador ficasse respons\u00e1vel pela forma\u00e7\u00e3o do m\u00eas seguinte.<\/p>\n\n\n\n<p>No dia 22\/11\/2024, o Centro PAULUS de Conviv\u00eancia \u2013 Osasco sediou o encontro. De maneira bem<br>pr\u00e1tica, os educadores e t\u00e9cnicos de refer\u00eancia participaram com os atendidos de atividades planejadas<br>nesse \u00faltimo percurso. O di\u00e1logo entre profissionais de diversas \u00e1reas propiciou maior aprofundamento<br>acerca dos desafios e das oportunidades para o SCFV. Por fim, ficou claro que a necessidade de forma\u00e7\u00e3o<br>continuada \u00e9 not\u00f3ria para o desenvolvimento de qualquer profissional e, por isso, estamos esperan\u00e7osos de continuar com esse grupo de estudos no pr\u00f3ximo ano.<\/p>\n","protected":false},"featured_media":9294,"template":"","tags":[],"class_list":["post-9291","noticias","type-noticias","status-publish","has-post-thumbnail","hentry"],"acf":[],"_links":{"self":[{"href":"https:\/\/www.paulus.com.br\/assistencia-social\/wp-json\/wp\/v2\/noticias\/9291","targetHints":{"allow":["GET"]}}],"collection":[{"href":"https:\/\/www.paulus.com.br\/assistencia-social\/wp-json\/wp\/v2\/noticias"}],"about":[{"href":"https:\/\/www.paulus.com.br\/assistencia-social\/wp-json\/wp\/v2\/types\/noticias"}],"wp:featuredmedia":[{"embeddable":true,"href":"https:\/\/www.paulus.com.br\/assistencia-social\/wp-json\/wp\/v2\/media\/9294"}],"wp:attachment":[{"href":"https:\/\/www.paulus.com.br\/assistencia-social\/wp-json\/wp\/v2\/media?parent=9291"}],"wp:term":[{"taxonomy":"post_tag","embeddable":true,"href":"https:\/\/www.paulus.com.br\/assistencia-social\/wp-json\/wp\/v2\/tags?post=9291"}],"curies":[{"name":"wp","href":"https:\/\/api.w.org\/{rel}","templated":true}]}}