{"id":9284,"date":"2024-12-04T11:34:04","date_gmt":"2024-12-04T14:34:04","guid":{"rendered":"https:\/\/www.paulus.com.br\/assistencia-social\/?post_type=noticias&#038;p=9284"},"modified":"2024-12-04T14:49:05","modified_gmt":"2024-12-04T17:49:05","slug":"centro-paulus-de-convivencia-freguesia-do-o-realiza-atividades-no-mes-da-consciencia-negra","status":"publish","type":"noticias","link":"https:\/\/www.paulus.com.br\/assistencia-social\/noticias\/centro-paulus-de-convivencia-freguesia-do-o-realiza-atividades-no-mes-da-consciencia-negra\/","title":{"rendered":"Centro PAULUS de Conviv\u00eancia \u2013 Freguesia do \u00d3 realiza atividades no m\u00eas da Consci\u00eancia Negra"},"content":{"rendered":"\n<p>No in\u00edcio de novembro, m\u00eas da consci\u00eancia negra, duas turmas do Centro PAULUS de Conviv\u00eancia \u2013 Freguesia do \u00d3 realizaram uma visita ao Museu Afro Brasil Emanoel Ara\u00fajo, localizado no Parque do Ibirapuera.<\/p>\n\n\n\n<p>A iniciativa faz parte do percurso dos educadores, cujo tema \u00e9 \u201cConsci\u00eancia Negra: a pot\u00eancia da arte negra\u201d, que teve como objetivo interagir com a hist\u00f3ria da cultura afro-brasileira, da qual fazemos parte.<\/p>\n\n\n\n<figure class=\"wp-block-image size-full\"><a href=\"https:\/\/www.paulus.com.br\/assistencia-social\/wp-content\/uploads\/2024\/12\/716consciencia3.jpg\"><img loading=\"lazy\" decoding=\"async\" width=\"716\" height=\"444\" src=\"https:\/\/www.paulus.com.br\/assistencia-social\/wp-content\/uploads\/2024\/12\/716consciencia3.jpg\" alt=\"\" class=\"wp-image-9286\" srcset=\"https:\/\/www.paulus.com.br\/assistencia-social\/wp-content\/uploads\/2024\/12\/716consciencia3.jpg 716w, https:\/\/www.paulus.com.br\/assistencia-social\/wp-content\/uploads\/2024\/12\/716consciencia3-300x186.jpg 300w\" sizes=\"auto, (max-width: 716px) 100vw, 716px\" \/><\/a><\/figure>\n\n\n\n<p>Ao resgatar e valorizar aspectos culturais, o percurso passou por diversos conte\u00fados, entre eles a constru\u00e7\u00e3o da boneca Abayomi, e foi finalizado com uma apresenta\u00e7\u00e3o de dan\u00e7a e m\u00fasica, que tamb\u00e9m ser\u00e1 feita para as fam\u00edlias.<\/p>\n\n\n\n<p>O dia da Consci\u00eancia Negra \u00e9 celebrado, no Brasil, no dia 20 de novembro, data de falecimento de Zumbi dos Palmares, e existe para a discuss\u00e3o do racismo em nossa sociedade. Apesar de ter sido concebido na d\u00e9cada de 1970, apenas em 2003 foi formalizado como feriado, ainda facultativo por munic\u00edpio, e oficializado como feriado nacional dia 21 de dezembro de 2023<\/p>\n\n\n\n<figure class=\"wp-block-image size-full\"><a href=\"https:\/\/www.paulus.com.br\/assistencia-social\/wp-content\/uploads\/2024\/12\/716consciencia1.jpg\"><img loading=\"lazy\" decoding=\"async\" width=\"716\" height=\"444\" src=\"https:\/\/www.paulus.com.br\/assistencia-social\/wp-content\/uploads\/2024\/12\/716consciencia1.jpg\" alt=\"\" class=\"wp-image-9288\" srcset=\"https:\/\/www.paulus.com.br\/assistencia-social\/wp-content\/uploads\/2024\/12\/716consciencia1.jpg 716w, https:\/\/www.paulus.com.br\/assistencia-social\/wp-content\/uploads\/2024\/12\/716consciencia1-300x186.jpg 300w\" sizes=\"auto, (max-width: 716px) 100vw, 716px\" \/><\/a><\/figure>\n","protected":false},"featured_media":9285,"template":"","tags":[],"class_list":["post-9284","noticias","type-noticias","status-publish","has-post-thumbnail","hentry"],"acf":[],"_links":{"self":[{"href":"https:\/\/www.paulus.com.br\/assistencia-social\/wp-json\/wp\/v2\/noticias\/9284","targetHints":{"allow":["GET"]}}],"collection":[{"href":"https:\/\/www.paulus.com.br\/assistencia-social\/wp-json\/wp\/v2\/noticias"}],"about":[{"href":"https:\/\/www.paulus.com.br\/assistencia-social\/wp-json\/wp\/v2\/types\/noticias"}],"wp:featuredmedia":[{"embeddable":true,"href":"https:\/\/www.paulus.com.br\/assistencia-social\/wp-json\/wp\/v2\/media\/9285"}],"wp:attachment":[{"href":"https:\/\/www.paulus.com.br\/assistencia-social\/wp-json\/wp\/v2\/media?parent=9284"}],"wp:term":[{"taxonomy":"post_tag","embeddable":true,"href":"https:\/\/www.paulus.com.br\/assistencia-social\/wp-json\/wp\/v2\/tags?post=9284"}],"curies":[{"name":"wp","href":"https:\/\/api.w.org\/{rel}","templated":true}]}}