{"id":9282,"date":"2024-12-02T16:08:05","date_gmt":"2024-12-02T19:08:05","guid":{"rendered":"https:\/\/www.paulus.com.br\/assistencia-social\/?post_type=noticias&#038;p=9282"},"modified":"2024-12-04T13:29:33","modified_gmt":"2024-12-04T16:29:33","slug":"em-natal-rn-paulus-social-dialoga-com-conselheirosas-de-direitos-sobre-protecao-integral-desafios-e-praticas-no-sistema-de-garantia-de-direitos","status":"publish","type":"noticias","link":"https:\/\/www.paulus.com.br\/assistencia-social\/noticias\/em-natal-rn-paulus-social-dialoga-com-conselheirosas-de-direitos-sobre-protecao-integral-desafios-e-praticas-no-sistema-de-garantia-de-direitos\/","title":{"rendered":"Em Natal\/RN, PAULUS Social dialoga com conselheiros(as) de direitos sobre prote\u00e7\u00e3o integral, desafios e pr\u00e1ticas no Sistema de Garantia de Direitos"},"content":{"rendered":"\n<p>Em parceria com a Funda\u00e7\u00e3o F\u00e9 e Alegria, a PAULUS Social promoveu em Natal, capital potiguar, mais um processo formativo do programa InovaSUAS, dessa vez dialogando com conselheiros(as) de direitos sobre prote\u00e7\u00e3o social integral para crian\u00e7as e adolescentes, bem como os desafios e pr\u00e1ticas necess\u00e1rias para assegurar a efetiva\u00e7\u00e3o dos direitos fundamentais e o enfrentamento das viola\u00e7\u00f5es desses direitos. A carga hor\u00e1ria de 16 horas, foi distribu\u00edda em dois encontros presenciais de 8 horas cada, nos quais contamos com a presen\u00e7a de cerca de&nbsp; 35 conselheiros de direitos do Rio Grande do Norte, al\u00e9m de alguns trabalhadores do SUAS. O processo formativo se deu de forma expositiva, dialogada, onde a facilitadora apresentou o conte\u00fado de forma clara e provocativa, levando os participantes \u00e0 reflex\u00e3o sobre o exerc\u00edcio do di\u00e1logo e do debate acerca do tema.<\/p>\n\n\n\n<p>A formadora Silvia Aline Silva Ferreira \u00e9 Assistente Social e Pedagoga. P\u00f3s-doutoranda em Servi\u00e7o Social pela UFPB, Jo\u00e3o Pessoa\/PB. Doutora em Geografia pela UNESP Presidente Prudente\/SP; Mestre em Desenvolvimento Regional e Meio Ambiente pela UNOESTE\/SP. Palestrante, Conferencista e Assessora em Pol\u00edticas P\u00fablicas com experi\u00eancia em servi\u00e7os municipais e estaduais.<\/p>\n\n\n\n<p>Como representante do Assessoramento da PAULUS Social, esteve presente o analista de projetos sociais Andr\u00e9 Nascimento, que prestou suporte t\u00e9cnico \u00e0 formadora, garantindo que o conte\u00fado estivesse alinhado com as diretrizes da PAULUS e da pol\u00edtica de Assist\u00eancia Social.<\/p>\n\n\n\n<p>Essa iniciativa reafirma o compromisso da PAULUS Social com a prote\u00e7\u00e3o e promo\u00e7\u00e3o dos direitos da crian\u00e7a e do adolescente, visando construir uma sociedade mais justa, acolhedora e igualit\u00e1ria para as gera\u00e7\u00f5es futuras.<\/p>\n\n\n\n<p>O Programa InovaSUAS \u00e9 estruturado na capacita\u00e7\u00e3o e forma\u00e7\u00e3o de lideran\u00e7as e usu\u00e1rios dos servi\u00e7os, programas e projetos da rede socioassistencial e profissionais ligados \u00e0 rede de servi\u00e7os que visam desenvolver seu conhecimento nas mais diversas tem\u00e1ticas do SUAS, com forma\u00e7\u00f5es gratuitas presentes em todo o territ\u00f3rio nacional.<\/p>\n","protected":false},"featured_media":9283,"template":"","tags":[],"class_list":["post-9282","noticias","type-noticias","status-publish","has-post-thumbnail","hentry"],"acf":[],"_links":{"self":[{"href":"https:\/\/www.paulus.com.br\/assistencia-social\/wp-json\/wp\/v2\/noticias\/9282","targetHints":{"allow":["GET"]}}],"collection":[{"href":"https:\/\/www.paulus.com.br\/assistencia-social\/wp-json\/wp\/v2\/noticias"}],"about":[{"href":"https:\/\/www.paulus.com.br\/assistencia-social\/wp-json\/wp\/v2\/types\/noticias"}],"wp:featuredmedia":[{"embeddable":true,"href":"https:\/\/www.paulus.com.br\/assistencia-social\/wp-json\/wp\/v2\/media\/9283"}],"wp:attachment":[{"href":"https:\/\/www.paulus.com.br\/assistencia-social\/wp-json\/wp\/v2\/media?parent=9282"}],"wp:term":[{"taxonomy":"post_tag","embeddable":true,"href":"https:\/\/www.paulus.com.br\/assistencia-social\/wp-json\/wp\/v2\/tags?post=9282"}],"curies":[{"name":"wp","href":"https:\/\/api.w.org\/{rel}","templated":true}]}}