{"id":9265,"date":"2024-11-27T15:44:54","date_gmt":"2024-11-27T18:44:54","guid":{"rendered":"https:\/\/www.paulus.com.br\/assistencia-social\/?post_type=noticias&#038;p=9265"},"modified":"2024-12-23T17:23:57","modified_gmt":"2024-12-23T20:23:57","slug":"inauguracao-do-centro-paulus-de-convivencia-de-cotia","status":"publish","type":"noticias","link":"https:\/\/www.paulus.com.br\/assistencia-social\/noticias\/inauguracao-do-centro-paulus-de-convivencia-de-cotia\/","title":{"rendered":"Inaugura\u00e7\u00e3o do Centro PAULUS de Conviv\u00eancia de Cotia"},"content":{"rendered":"\n<p>Com grande alegria, realizamos no dia 26 de novembro de 2024 a inaugura\u00e7\u00e3o do <strong>Centro PAULUS de Conviv\u00eancia de Cotia<\/strong>, um espa\u00e7o dedicado \u00e0 promo\u00e7\u00e3o de viv\u00eancias <strong>art\u00edsticas, culturais, esportivas e tecnol\u00f3gicas<\/strong> para <strong>crian\u00e7as, adolescentes e pessoas idosas<\/strong>. Este \u00e9 um importante <strong>Servi\u00e7o de Conviv\u00eancia e Fortalecimento de V\u00ednculos<\/strong>, que atender\u00e1 at\u00e9 <strong>150 pessoas diariamente<\/strong>, contribuindo para o desenvolvimento social e comunit\u00e1rio da regi\u00e3o.<\/p>\n\n\n\n<p>O evento contou com a presen\u00e7a ilustre do Pe. Claudiano Avelino, Presidente da PAULUS, Pe. S\u00edlvio Ribas, Vice-presidente e Diretor Geral da PAULUS, \u00c2ngela Maluf, Vice-prefeita de Cotia, Dr. Lu\u00edz Roberto Mastromauro, Secret\u00e1rio Adjunto da Secretaria de Desenvolvimento Social de Cotia, al\u00e9m de representantes do <strong>Conselho Municipal de Assist\u00eancia Social (CMAS)<\/strong>, <strong>Conselho Municipal dos Direitos da Crian\u00e7a e do Adolescente (CMDCA)<\/strong>, <strong>Guarda Municipal<\/strong>, demais diretores e colaboradores da PAULUS e, claro, a comunidade local, que ser\u00e1 a maior beneficiada por este servi\u00e7o!<\/p>\n\n\n\n<p>Este centro de conviv\u00eancia \u00e9 fruto de uma parceria valiosa entre a <strong>PAULUS<\/strong> <strong>SOCIAL<\/strong> e a <strong>Secretaria de Desenvolvimento Social de Cotia<\/strong>, alinhado ao <strong>Sistema \u00danico de Assist\u00eancia Social (SUAS)<\/strong>.<\/p>\n\n\n\n<p>Que este espa\u00e7o seja um local de encontros, aprendizados e fortalecimento de v\u00ednculos, refletindo o compromisso da PAULUS com o bem-estar e o desenvolvimento humano!<\/p>\n\n\n\n<figure class=\"wp-block-embed is-type-video is-provider-youtube wp-block-embed-youtube wp-embed-aspect-16-9 wp-has-aspect-ratio\"><div class=\"wp-block-embed__wrapper\">\n<iframe loading=\"lazy\" title=\"Inaugura\u00e7\u00e3o do Centro PAULUS de Conviv\u00eancia em Cotia: Um Novo Espa\u00e7o para Transformar Vidas!\" width=\"1130\" height=\"636\" src=\"https:\/\/www.youtube.com\/embed\/cJAvMhYDVzQ?start=2&#038;feature=oembed\" frameborder=\"0\" allow=\"accelerometer; autoplay; clipboard-write; encrypted-media; gyroscope; picture-in-picture; web-share\" referrerpolicy=\"strict-origin-when-cross-origin\" allowfullscreen><\/iframe>\n<\/div><\/figure>\n\n\n\n<p><\/p>\n","protected":false},"featured_media":9266,"template":"","tags":[],"class_list":["post-9265","noticias","type-noticias","status-publish","has-post-thumbnail","hentry"],"acf":[],"_links":{"self":[{"href":"https:\/\/www.paulus.com.br\/assistencia-social\/wp-json\/wp\/v2\/noticias\/9265","targetHints":{"allow":["GET"]}}],"collection":[{"href":"https:\/\/www.paulus.com.br\/assistencia-social\/wp-json\/wp\/v2\/noticias"}],"about":[{"href":"https:\/\/www.paulus.com.br\/assistencia-social\/wp-json\/wp\/v2\/types\/noticias"}],"wp:featuredmedia":[{"embeddable":true,"href":"https:\/\/www.paulus.com.br\/assistencia-social\/wp-json\/wp\/v2\/media\/9266"}],"wp:attachment":[{"href":"https:\/\/www.paulus.com.br\/assistencia-social\/wp-json\/wp\/v2\/media?parent=9265"}],"wp:term":[{"taxonomy":"post_tag","embeddable":true,"href":"https:\/\/www.paulus.com.br\/assistencia-social\/wp-json\/wp\/v2\/tags?post=9265"}],"curies":[{"name":"wp","href":"https:\/\/api.w.org\/{rel}","templated":true}]}}