{"id":9241,"date":"2024-11-21T15:10:32","date_gmt":"2024-11-21T18:10:32","guid":{"rendered":"https:\/\/www.paulus.com.br\/assistencia-social\/?post_type=noticias&#038;p=9241"},"modified":"2024-11-21T15:10:33","modified_gmt":"2024-11-21T18:10:33","slug":"educadores-sociais-da-rede-de-juiz-de-fora-mg-se-reunem","status":"publish","type":"noticias","link":"https:\/\/www.paulus.com.br\/assistencia-social\/noticias\/educadores-sociais-da-rede-de-juiz-de-fora-mg-se-reunem\/","title":{"rendered":"Educadores Sociais da rede de Juiz de Fora\/MG se re\u00fanem"},"content":{"rendered":"\n<p>A PAULUS Social em parceria com a Secretaria Municipal de Assist\u00eancia Social de Juiz de Fora\/MG, realizou durante os dias 12 e 13 de novembro mais um encontro formativo do Programa Direito e Cidadania \u2013 Organiza\u00e7\u00e3o e pr\u00e1tica cotidiana, que reuniu educadores sociais de Servi\u00e7os de Conviv\u00eancia e Fortalecimento de V\u00ednculos (SCFV) da rede de execu\u00e7\u00e3o direta e indireta do munic\u00edpio.<\/p>\n\n\n\n<p>A forma\u00e7\u00e3o aconteceu no audit\u00f3rio da Livraria PAULUS localizada no centro de Juiz de Fora. Distribu\u00edda em dois dias de encontros e totalizando 16 horas de muito di\u00e1logo, a forma\u00e7\u00e3o teve como centralidade a troca de aprendizado e experi\u00eancias, por meio de revisita \u00e0s normativas que orientam o trabalho cotidiano nos servi\u00e7os, al\u00e9m da reflex\u00e3o contextualizada acerca das fun\u00e7\u00f5es de cada trabalhador que os comp\u00f5em.<\/p>\n\n\n\n<p>Os encontros foram conduzidos e mediados pela profissional Samara Xavier, graduada em hist\u00f3ria pela UNESP e mestra em Servi\u00e7o Social pela PUC-SP, al\u00e9m de ser formadora da PAULUS Social e uma pesquisadora com grandes contribui\u00e7\u00f5es para o SUAS em sua trajet\u00f3ria profissional.<\/p>\n\n\n\n<p>Como representantes do Assessoramento da PAULUS Social, estiveram presentes a supervisora Mira Lopes e o analista de projetos sociais Andr\u00e9 Nascimento, que prestaram suporte t\u00e9cnico \u00e0 formadora, garantindo que o conte\u00fado estivesse alinhado com as diretrizes da PAULUS e da pol\u00edtica de Assist\u00eancia Social. Tamb\u00e9m esteve presente no encontro a supervisora da Gest\u00e3o T\u00e9cnica do Trabalho do munic\u00edpio, Sabrina Almeida, que tamb\u00e9m foi a principal articuladora local para que a PAULUS Social pudesse realizar a forma\u00e7\u00e3o.<\/p>\n\n\n\n<p>Pela oportunidade, foi realizada tamb\u00e9m uma reuni\u00e3o para avalia\u00e7\u00e3o e planejamento entre a equipe do Assessoramento da PAULUS Social in loco, a atual secret\u00e1ria da Assist\u00eancia Social de Juiz de Fora, Malu Salim Miranda Machado e parte da equipe t\u00e9cnica da secretaria, onde foi explanado a estrutura da PAULUS Social no \u00e2mbito nacional, bem como os dados e relato das atividades que desenvolvemos no munic\u00edpio durante o ano, reafirmando nosso compromisso em manter uma parceria alinhada e propositiva na perspectiva de contribuir com o enfrentamento dos desafios que se apresentam no \u00e2mbito da assist\u00eancia social em Juiz de Fora.<\/p>\n\n\n\n<p>Mais uma vez, a PAULUS Social se coloca com clareza, organiza\u00e7\u00e3o e alinhamento te\u00f3rico para pensar a oferta do assessoramento de forma horizontal diante da parceria, a fim de ouvir e construir uma proposta colaborativa, objetivando contribuir com a execu\u00e7\u00e3o da pol\u00edtica de assist\u00eancia social no munic\u00edpio.<\/p>\n\n\n\n<p>O Programa Direito e Cidadania \u00e9 estruturado para requalificar a atua\u00e7\u00e3o de trabalhadores de Servi\u00e7os de Conviv\u00eancia e Fortalecimento de V\u00ednculos &#8211; SCFV, tendo como elemento facilitador o kit de livros da PAULUS, exclusivamente elaborado para esta finalidade.<\/p>\n","protected":false},"featured_media":9242,"template":"","tags":[],"class_list":["post-9241","noticias","type-noticias","status-publish","has-post-thumbnail","hentry"],"acf":[],"_links":{"self":[{"href":"https:\/\/www.paulus.com.br\/assistencia-social\/wp-json\/wp\/v2\/noticias\/9241","targetHints":{"allow":["GET"]}}],"collection":[{"href":"https:\/\/www.paulus.com.br\/assistencia-social\/wp-json\/wp\/v2\/noticias"}],"about":[{"href":"https:\/\/www.paulus.com.br\/assistencia-social\/wp-json\/wp\/v2\/types\/noticias"}],"wp:featuredmedia":[{"embeddable":true,"href":"https:\/\/www.paulus.com.br\/assistencia-social\/wp-json\/wp\/v2\/media\/9242"}],"wp:attachment":[{"href":"https:\/\/www.paulus.com.br\/assistencia-social\/wp-json\/wp\/v2\/media?parent=9241"}],"wp:term":[{"taxonomy":"post_tag","embeddable":true,"href":"https:\/\/www.paulus.com.br\/assistencia-social\/wp-json\/wp\/v2\/tags?post=9241"}],"curies":[{"name":"wp","href":"https:\/\/api.w.org\/{rel}","templated":true}]}}